{"search": "", "category": "", "pricelist": 1, "attrib_values": [], "categories": [{"id": 272, "name": "Kar\u00e1csonyra aj\u00e1nljuk", "slug": "karacsonyra-ajanljuk-272"}, {"id": 445, "name": "CANNI 9 ml Hema-Free 8000", "slug": "canni-9-ml-hema-free-8000-445"}, {"id": 407, "name": "MAKEAR g\u00e9l lakkok", "slug": "makear-gel-lakkok-407"}, {"id": 435, "name": "SEMILAC g\u00e9l lakkok", "slug": "semilac-gel-lakkok-435"}, {"id": 249, "name": "\u00dajdons\u00e1gok", "slug": "ujdonsagok-249"}, {"id": 306, "name": "Figyelmedbe aj\u00e1nljuk", "slug": "figyelmedbe-ajanljuk-306"}, {"id": 221, "name": "Legn\u00e9pszer\u0171bb term\u00e9kek", "slug": "legnepszerubb-termekek-221"}, {"id": 495, "name": "TERRA Function Gels", "slug": "terra-function-gels-495"}, {"id": 278, "name": "VALENTIN NAPRA", "slug": "valentin-napra-278"}, {"id": 380, "name": "CANNI HEMA-FREE 9ml", "slug": "canni-hema-free-9ml-380"}, {"id": 225, "name": "Akci\u00f3k", "slug": "akciok-225"}, {"id": 130, "name": "G\u00e9l lakk szettek, kezd\u0151szettek", "slug": "gel-lakk-szettek-kezdoszettek-130"}, {"id": 1, "name": "G\u00e9l lakkok", "slug": "gel-lakkok-1"}, {"id": 448, "name": "Hat\u00e1rid\u0151napl\u00f3 2025", "slug": "hataridonaplo-2025-448"}, {"id": 237, "name": "Er\u0151s\u00edtett g\u00e9l lakk alapok", "slug": "erositett-gel-lakk-alapok-237"}, {"id": 20, "name": "M\u0171k\u00f6r\u00f6m zsel\u00e9k, \u00e9p\u00edt\u0151 zsel\u00e9k", "slug": "mukorom-zselek-epito-zselek-20"}, {"id": 53, "name": "Akril g\u00e9l / Poly g\u00e9l", "slug": "akril-gel-poly-gel-53"}, {"id": 14, "name": "Norm\u00e1l \u00e1llag\u00fa base g\u00e9lek", "slug": "normal-allagu-base-gelek-14"}, {"id": 16, "name": "Nail prep, primer, tapad\u00e1s el\u0151seg\u00edt\u0151k", "slug": "nail-prep-primer-tapadas-elosegitok-16"}, {"id": 3, "name": "F\u00e9nyzsel\u00e9k / Matt fed\u0151k", "slug": "fenyzselek-matt-fedok-3"}, {"id": 71, "name": "G\u00e9pek / Berendez\u00e9sek", "slug": "gepek-berendezesek-71"}, {"id": 11, "name": "Kell\u00e9kek, ecsetek, kieg\u00e9sz\u00edt\u0151k", "slug": "kellekek-ecsetek-kiegeszitok-11"}, {"id": 7, "name": "K\u00f6r\u00f6m d\u00edsz\u00edt\u0151k", "slug": "korom-diszitok-7"}, {"id": 5, "name": "Fert\u0151tlen\u00edt\u00e9s, munkav\u00e9delem", "slug": "fertotlenites-munkavedelem-5"}, {"id": 18, "name": "Porcel\u00e1n alapanyag", "slug": "porcelan-alapanyag-18"}, {"id": 527, "name": "STALEKS", "slug": "staleks-527"}, {"id": 100, "name": "Leveg\u0151re sz\u00e1rad\u00f3 k\u00f6r\u00f6mlakkok", "slug": "levegore-szarado-koromlakkok-100"}, {"id": 141, "name": "Babyboomer alapok \u00e9s sz\u00ednek", "slug": "babyboomer-alapok-es-szinek-141"}, {"id": 275, "name": "K\u00e9z \u00e9s l\u00e1b\u00e1pol\u00e1s", "slug": "kez-es-labapolas-275"}, {"id": 285, "name": "Kezd\u0151knek", "slug": "kezdoknek-285"}, {"id": 375, "name": "HEMA/DI-HEMA FREE", "slug": "hema-di-hema-free-375"}, {"id": 409, "name": "\u00dcvegsz\u00e1las zsel\u00e9k, base g\u00e9lek", "slug": "uvegszalas-zselek-base-gelek-409"}, {"id": 382, "name": "KOZMETIKA, SMINK", "slug": "kozmetika-smink-382"}, {"id": 389, "name": "MASSZ\u00c1ZS", "slug": "masszazs-389"}, {"id": 267, "name": "\u0150szi kollekci\u00f3", "slug": "oszi-kollekcio-267"}, {"id": 373, "name": "CLARESA Rubber Base", "slug": "claresa-rubber-base-373"}, {"id": 393, "name": "PALU Milan", "slug": "palu-milan-393"}, {"id": 403, "name": "CRYSTAL GALAXY CAT EYE", "slug": "crystal-galaxy-cat-eye-403"}, {"id": 404, "name": "CANNI Ecsetek", "slug": "canni-ecsetek-404"}, {"id": 415, "name": "Born Pretty inspo 2", "slug": "born-pretty-inspo-2-415"}, {"id": 416, "name": "Born Pretty inspo 1", "slug": "born-pretty-inspo-1-416"}, {"id": 417, "name": "Born Pretty inspo 3", "slug": "born-pretty-inspo-3-417"}, {"id": 451, "name": "Born Pretty inspo 4", "slug": "born-pretty-inspo-4-451"}, {"id": 452, "name": "Born Pretty inspo 5", "slug": "born-pretty-inspo-5-452"}, {"id": 419, "name": "CLARESA Inspo 1", "slug": "claresa-inspo-1-419"}, {"id": 420, "name": "MAKEAR Inspo 1", "slug": "makear-inspo-1-420"}, {"id": 421, "name": "CANNI ki\u00e1rus\u00edt\u00e1s", "slug": "canni-kiarusitas-421"}, {"id": 422, "name": "CLARESA Inspo 2", "slug": "claresa-inspo-2-422"}, {"id": 425, "name": "MAKEAR Inspo 2", "slug": "makear-inspo-2-425"}, {"id": 429, "name": "MAKEAR \u00faj neon sz\u00ednek", "slug": "makear-uj-neon-szinek-429"}, {"id": 455, "name": "Jelly Nude sz\u00ednek", "slug": "jelly-nude-szinek-455"}, {"id": 476, "name": "P\u00e1rologtat\u00f3 diff\u00fazorok", "slug": "parologtato-diffuzorok-476"}, {"id": 526, "name": "Ciao, Pastel!", "slug": "ciao-pastel-526"}], "main_object": {"id": 11466, "name": "SEMILAC UV/LED G\u00e9l Lakk 7ml - A704 - Euphoric Day", "url": "/shop/product/semilac-uv-led-gel-lakk-7ml-a704-euphoric-day-11466", "list_price": 3290.0, "price": 3290.0, "image": "/web/image/product.template/11466/image_1920?unique=1776864507", "qty_available": 2.0, "allow_preorder": false, "preorder_expected_date": null, "preorder_available_qty": 0, "preorder_allowed_payment_methods": [], "description_sale": "\u00a0Exkluz\u00edv SEMILAC UV/LED g\u00e9l lakkok m\u00e1r Magyarorsz\u00e1gon is el\u00e9rhet\u0151k!\u00a0\u00a0A SEMILAC kiv\u00e1l\u00f3 min\u0151s\u00e9ge garant\u00e1lt, hisz k\u00fcl\u00f6n oszt\u00e1ly foglalkozik a min\u0151s\u00e9gellen\u0151rz\u00e9ssel", "brand": "K\u00f6z\u00f6s", "brand_url": "#", "other_images": ["/web/image?model=product.image&field=image_1920&id=22812&unique=1766459232", "/web/image?model=product.image&field=image_1920&id=22813&unique=1766459233", "/web/image?model=product.image&field=image_1920&id=22876&unique=1766459234", "/web/image?model=product.image&field=image_1920&id=22877&unique=1766459234"], "is_gift": false, "description_html": "<p>&nbsp;</p><p><strong>Exkluz\u00edv SEMILAC UV/LED g\u00e9l lakkok m\u00e1r Magyarorsz\u00e1gon is el\u00e9rhet\u0151k!</strong></p><p>&nbsp;</p><p><img src=\"/api/vue/serve_image/141341\"></p><p><img src=\"/api/vue/serve_image/141342\"></p><p>&nbsp;</p><p>A SEMILAC kiv\u00e1l\u00f3 min\u0151s\u00e9ge garant\u00e1lt, hisz k\u00fcl\u00f6n oszt\u00e1ly foglalkozik a min\u0151s\u00e9gellen\u0151rz\u00e9ssel, ami gondoskodik arr\u00f3l, hogy hozz\u00e1d csakis bevizsg\u00e1lt, kiv\u00e1l\u00f3 min\u0151s\u00e9g\u0171 term\u00e9k \u00e9rkezzen.</p><p>&nbsp;</p><p>Tov\u00e1bbi f\u0151 el\u0151nyei a term\u00e9keknek:</p><ul><li>nagyon k\u00f6nnyen oldhat\u00f3ak</li><li>t\u00f6k\u00e9letes \u00e1llag\u00faak, kiv\u00e1l\u00f3an ter\u00fcl a k\u00f6r\u00f6mlemezen</li><li>m\u00e1r 1 r\u00e9tegben is fed</li><li>ak\u00e1r h\u00e1rom h\u00e9tig is t\u00f6k\u00e9letesen tart</li><li>k\u00f6t\u00e9si ideje UV-ban 2 perc, LED-ben 1 perc</li></ul><p>&nbsp;</p><figure class=\"image\"><img src=\"/api/vue/serve_image/227539\"></figure><p>&nbsp;</p><p><span class=\"text-big\"><strong>Mi\u00e9rt v\u00e1laszd a SEMILAC-ot?</strong></span></p><p>&nbsp;</p><p style=\"text-align:center;\"><img class=\"image_resized\" style=\"width:auto;\" src=\"https://semilac.pl/media/wysiwyg/gradient-icons-redesign/special-ocassion.svg\" alt=\"\"></p><p style=\"text-align:center;\"><span style=\"color:rgb(34,35,36);\"><strong>10 \u00e9ve a piacon</strong></span></p><p style=\"text-align:center;\">A SEMILAC t\u00f6bb, mint 10 \u00e9ve gy\u00e1rt g\u00e9l lakkokat. T\u00f6bb milli\u00f3 el\u00e9gedett v\u00e1s\u00e1rl\u00f3val rendelkezik.</p><p style=\"text-align:center;\">&nbsp;</p><p style=\"text-align:center;\"><img class=\"image_resized\" style=\"width:auto;\" src=\"https://semilac.pl/media/wysiwyg/gradient-icons-redesign/care.svg\" alt=\"\"></p><p style=\"text-align:center;\"><span style=\"color:rgb(34,35,36);\"><strong>Kiv\u00e1l\u00f3 tart\u00f3ss\u00e1g</strong></span></p><p style=\"text-align:center;\">Ak\u00e1r t\u00f6bb, mint 3 h\u00e9tig hordhatod a k\u00f6rmeidet ann\u00e9lk\u00fcl, hogy tartanod k\u00e9ne annak s\u00e9r\u00fcl\u00e9s\u00e9t\u0151l vagy kop\u00e1s\u00e1t\u00f3l.</p><p style=\"text-align:center;\">&nbsp;</p><p style=\"text-align:center;\"><img class=\"image_resized\" style=\"width:auto;\" src=\"https://semilac.pl/media/wysiwyg/gradient-icons-redesign/medalion.svg\" alt=\"\"></p><p style=\"text-align:center;\"><strong>Nr.1. lengyel m\u00e1rka</strong></p><p style=\"text-align:center;\"><span style=\"color:rgb(79,79,79);\">Kantar Polska kutat\u00e1sa szerint a n\u0151k 48%-a rendszeresen haszn\u00e1l Semilac g\u00e9l lakkokat. A vizsg\u00e1latot 2022 augusztus\u00e1ban v\u00e9gezt\u00e9k, 18-60 \u00e9v k\u00f6z\u00f6tti n\u0151ket k\u00e9rdezve.</span></p><p style=\"text-align:center;\">&nbsp;</p><p style=\"text-align:center;\"><img class=\"image_resized\" style=\"width:auto;\" src=\"https://semilac.pl/media/wysiwyg/gradient-icons-redesign/semidiamond.svg\" alt=\"\"></p><p style=\"text-align:center;\"><strong>T\u00f6bb, mint 300 sz\u00edn</strong></p><p style=\"text-align:center;\">A hatalmas sz\u00ednv\u00e1laszt\u00e9kban, biztosan tal\u00e1lsz magadnak olyat, ami elnyeri tetsz\u00e9sed. Pr\u00f3b\u00e1ld ki a cs\u00facsmin\u0151s\u00e9get</p><p style=\"text-align:center;\">&nbsp;</p><p>&nbsp;</p><figure class=\"image\"><img src=\"/api/vue/serve_image/227549\"></figure><p>&nbsp;</p><p>&nbsp;</p><p>&nbsp;</p><p><strong>\u00d3vint\u00e9zked\u00e9sek:</strong></p><ul><li>Gyermekekt\u0151l t\u00e1vol tartand\u00f3.</li><li>K\u00e9rj\u00fck, figyelmesen olvassa el a haszn\u00e1lati utas\u00edt\u00e1st.</li><li>Ker\u00fclje a b\u0151rrel val\u00f3 \u00e9rintkez\u00e9st.</li><li>Ker\u00fclje a szembe jut\u00e1st.</li><li>Ne l\u00e9legezze be k\u00f6zvetlen\u00fcl a term\u00e9k g\u0151zeit.</li><li>Allergi\u00e1s reakci\u00f3t v\u00e1lthat ki.</li><li>UV/LED l\u00e1mp\u00e1ban kell kem\u00e9ny\u00edteni.</li><li>Csak professzion\u00e1lis haszn\u00e1latra.</li></ul><p>&nbsp;</p>"}, "product": {"id": 11466, "name": "SEMILAC UV/LED G\u00e9l Lakk 7ml - A704 - Euphoric Day", "url": "/shop/product/semilac-uv-led-gel-lakk-7ml-a704-euphoric-day-11466", "list_price": 3290.0, "price": 3290.0, "image": "/web/image/product.template/11466/image_1920?unique=1776864507", "qty_available": 2.0, "allow_preorder": false, "preorder_expected_date": null, "preorder_available_qty": 0, "preorder_allowed_payment_methods": [], "description_sale": "\u00a0Exkluz\u00edv SEMILAC UV/LED g\u00e9l lakkok m\u00e1r Magyarorsz\u00e1gon is el\u00e9rhet\u0151k!\u00a0\u00a0A SEMILAC kiv\u00e1l\u00f3 min\u0151s\u00e9ge garant\u00e1lt, hisz k\u00fcl\u00f6n oszt\u00e1ly foglalkozik a min\u0151s\u00e9gellen\u0151rz\u00e9ssel", "brand": "K\u00f6z\u00f6s", "brand_url": "#", "other_images": ["/web/image?model=product.image&field=image_1920&id=22812&unique=1766459232", "/web/image?model=product.image&field=image_1920&id=22813&unique=1766459233", "/web/image?model=product.image&field=image_1920&id=22876&unique=1766459234", "/web/image?model=product.image&field=image_1920&id=22877&unique=1766459234"], "is_gift": false, "description_html": "<p>&nbsp;</p><p><strong>Exkluz\u00edv SEMILAC UV/LED g\u00e9l lakkok m\u00e1r Magyarorsz\u00e1gon is el\u00e9rhet\u0151k!</strong></p><p>&nbsp;</p><p><img src=\"/api/vue/serve_image/141341\"></p><p><img src=\"/api/vue/serve_image/141342\"></p><p>&nbsp;</p><p>A SEMILAC kiv\u00e1l\u00f3 min\u0151s\u00e9ge garant\u00e1lt, hisz k\u00fcl\u00f6n oszt\u00e1ly foglalkozik a min\u0151s\u00e9gellen\u0151rz\u00e9ssel, ami gondoskodik arr\u00f3l, hogy hozz\u00e1d csakis bevizsg\u00e1lt, kiv\u00e1l\u00f3 min\u0151s\u00e9g\u0171 term\u00e9k \u00e9rkezzen.</p><p>&nbsp;</p><p>Tov\u00e1bbi f\u0151 el\u0151nyei a term\u00e9keknek:</p><ul><li>nagyon k\u00f6nnyen oldhat\u00f3ak</li><li>t\u00f6k\u00e9letes \u00e1llag\u00faak, kiv\u00e1l\u00f3an ter\u00fcl a k\u00f6r\u00f6mlemezen</li><li>m\u00e1r 1 r\u00e9tegben is fed</li><li>ak\u00e1r h\u00e1rom h\u00e9tig is t\u00f6k\u00e9letesen tart</li><li>k\u00f6t\u00e9si ideje UV-ban 2 perc, LED-ben 1 perc</li></ul><p>&nbsp;</p><figure class=\"image\"><img src=\"/api/vue/serve_image/227539\"></figure><p>&nbsp;</p><p><span class=\"text-big\"><strong>Mi\u00e9rt v\u00e1laszd a SEMILAC-ot?</strong></span></p><p>&nbsp;</p><p style=\"text-align:center;\"><img class=\"image_resized\" style=\"width:auto;\" src=\"https://semilac.pl/media/wysiwyg/gradient-icons-redesign/special-ocassion.svg\" alt=\"\"></p><p style=\"text-align:center;\"><span style=\"color:rgb(34,35,36);\"><strong>10 \u00e9ve a piacon</strong></span></p><p style=\"text-align:center;\">A SEMILAC t\u00f6bb, mint 10 \u00e9ve gy\u00e1rt g\u00e9l lakkokat. T\u00f6bb milli\u00f3 el\u00e9gedett v\u00e1s\u00e1rl\u00f3val rendelkezik.</p><p style=\"text-align:center;\">&nbsp;</p><p style=\"text-align:center;\"><img class=\"image_resized\" style=\"width:auto;\" src=\"https://semilac.pl/media/wysiwyg/gradient-icons-redesign/care.svg\" alt=\"\"></p><p style=\"text-align:center;\"><span style=\"color:rgb(34,35,36);\"><strong>Kiv\u00e1l\u00f3 tart\u00f3ss\u00e1g</strong></span></p><p style=\"text-align:center;\">Ak\u00e1r t\u00f6bb, mint 3 h\u00e9tig hordhatod a k\u00f6rmeidet ann\u00e9lk\u00fcl, hogy tartanod k\u00e9ne annak s\u00e9r\u00fcl\u00e9s\u00e9t\u0151l vagy kop\u00e1s\u00e1t\u00f3l.</p><p style=\"text-align:center;\">&nbsp;</p><p style=\"text-align:center;\"><img class=\"image_resized\" style=\"width:auto;\" src=\"https://semilac.pl/media/wysiwyg/gradient-icons-redesign/medalion.svg\" alt=\"\"></p><p style=\"text-align:center;\"><strong>Nr.1. lengyel m\u00e1rka</strong></p><p style=\"text-align:center;\"><span style=\"color:rgb(79,79,79);\">Kantar Polska kutat\u00e1sa szerint a n\u0151k 48%-a rendszeresen haszn\u00e1l Semilac g\u00e9l lakkokat. A vizsg\u00e1latot 2022 augusztus\u00e1ban v\u00e9gezt\u00e9k, 18-60 \u00e9v k\u00f6z\u00f6tti n\u0151ket k\u00e9rdezve.</span></p><p style=\"text-align:center;\">&nbsp;</p><p style=\"text-align:center;\"><img class=\"image_resized\" style=\"width:auto;\" src=\"https://semilac.pl/media/wysiwyg/gradient-icons-redesign/semidiamond.svg\" alt=\"\"></p><p style=\"text-align:center;\"><strong>T\u00f6bb, mint 300 sz\u00edn</strong></p><p style=\"text-align:center;\">A hatalmas sz\u00ednv\u00e1laszt\u00e9kban, biztosan tal\u00e1lsz magadnak olyat, ami elnyeri tetsz\u00e9sed. Pr\u00f3b\u00e1ld ki a cs\u00facsmin\u0151s\u00e9get</p><p style=\"text-align:center;\">&nbsp;</p><p>&nbsp;</p><figure class=\"image\"><img src=\"/api/vue/serve_image/227549\"></figure><p>&nbsp;</p><p>&nbsp;</p><p>&nbsp;</p><p><strong>\u00d3vint\u00e9zked\u00e9sek:</strong></p><ul><li>Gyermekekt\u0151l t\u00e1vol tartand\u00f3.</li><li>K\u00e9rj\u00fck, figyelmesen olvassa el a haszn\u00e1lati utas\u00edt\u00e1st.</li><li>Ker\u00fclje a b\u0151rrel val\u00f3 \u00e9rintkez\u00e9st.</li><li>Ker\u00fclje a szembe jut\u00e1st.</li><li>Ne l\u00e9legezze be k\u00f6zvetlen\u00fcl a term\u00e9k g\u0151zeit.</li><li>Allergi\u00e1s reakci\u00f3t v\u00e1lthat ki.</li><li>UV/LED l\u00e1mp\u00e1ban kell kem\u00e9ny\u00edteni.</li><li>Csak professzion\u00e1lis haszn\u00e1latra.</li></ul><p>&nbsp;</p>"}, "add_qty": 1, "product_categories": [{"id": 435, "name": "SEMILAC g\u00e9l lakkok", "slug": "semilac-gel-lakkok-435", "url": "/shop/category/semilac-gel-lakkok-435", "parents": []}, {"id": 310, "name": "SEMILAC g\u00e9l lakkok", "slug": "gel-lakkok-semilac-gel-lakkok-310", "url": "/shop/category/gel-lakkok-semilac-gel-lakkok-310", "parents": [{"id": 1, "name": "G\u00e9l lakkok", "slug": "gel-lakkok-1", "url": "/shop/category/gel-lakkok-1"}]}], "unit_price_per_quantity": "470.0 Ft/ml"}