{"main_object": {"id": 1362, "name": "Turi Gr\u00e9ta", "url": "/kormos/turi-greta-1362", "image": "/web/image/nail.artist/1362/image/300x300", "other_images": ["/web/image?model=nail.artist.images&field=image&id=5369", "/web/image?model=nail.artist.images&field=image&id=5368", "/web/image?model=nail.artist.images&field=image&id=5367", "/web/image?model=nail.artist.images&field=image&id=5366", "/web/image?model=nail.artist.images&field=image&id=5365", "/web/image?model=nail.artist.images&field=image&id=5364", "/web/image?model=nail.artist.images&field=image&id=5363", "/web/image?model=nail.artist.images&field=image&id=5362", "/web/image?model=nail.artist.images&field=image&id=5361", "/web/image?model=nail.artist.images&field=image&id=5360", "/web/image?model=nail.artist.images&field=image&id=5359", "/web/image?model=nail.artist.images&field=image&id=5358", "/web/image?model=nail.artist.images&field=image&id=5357"], "city": "Balmaz\u00fajv\u00e1ros", "megye": "Hajd\u00fa-Bihar", "email": "gretifelvi@gmail.com", "phone": "+36302968090", "description": "<p>Kedves Leend\u0151 Vend\u00e9geim!\n\nNagyon \u00f6r\u00f6mmel szeretn\u00e9lek \u00e9rtes\u00edteni Titeket, hogy v\u00e1llalkoz\u00e1som 2026. febru\u00e1r 23-\u00e1n megnyitotta kapuit Balmaz\u00fajv\u00e1roson.\u2728\n\nHa szeretn\u00e9tek sz\u00e9p, tart\u00f3s, ig\u00e9nyes k\u00f6rm\u00f6ket \u00e9s m\u00e9g keresitek a sz\u00e1modra megfelel\u0151 szakembert, v\u00e1rom jelentkez\u00e9seteket a megadott el\u00e9rhet\u0151s\u00e9gek egyik\u00e9n.\n\nKezd\u0151 k\u00f6rm\u00f6sk\u00e9nt minden vend\u00e9gemre maxim\u00e1lis figyelmet ford\u00edtok \u2013 n\u00e1lam nincs siets\u00e9g, csak precizit\u00e1s \u00e9s nyugalom.\nLegyen sz\u00f3:\n\ud83d\udc85\ud83c\udffb eleg\u00e1ns, letisztult st\u00edlusr\u00f3l\n\ud83d\udc85\ud83c\udffb a legfrissebb trendekr\u0151l\n\ud83d\udc85\ud83c\udffb vagy egy kis extra csillog\u00e1sr\u00f3l\na c\u00e9lom, hogy el\u00e9gedetts\u00e9ggel az arcotokon t\u00e1vozzatok.\n\n\u2755Fontos tudnotok, hogy a tev\u00e9kenys\u00e9get m\u00e1sod\u00e1ll\u00e1sban v\u00e9gzem; h\u00e9tk\u00f6znapokon d\u00e9lut\u00e1nonk\u00e9nt \u00e9s h\u00e9tv\u00e9genk\u00e9nt. A pontos nyitvatart\u00e1si id\u0151t megtal\u00e1lj\u00e1tok a Facebook-oldalamon (Turi Gr\u00e9ta \u2022 nail artist).\n\n\ud83c\udf81 Els\u0151 alkalomn\u00e1l minden vend\u00e9g aj\u00e1nd\u00e9kban r\u00e9szes\u00fcl.\n\n\ud83d\udccdBalmaz\u00fajv\u00e1ros\n\ud83d\udcde +36302968090\n\ud83d\udc8c Facebookon vagy instagramon</p>", "is_palota_nails_artist": false, "is_only_student": false, "address": "M\u00e1ty\u00e1s kir\u00e1ly utca 51.", "has_profile_image": true, "started_year": 2026, "qualifications": "Rendelkezem m\u0171k\u00f6r\u00f6m\u00e9p\u00edt\u0151 \u00e9s k\u00f6r\u00f6mdiz\u00e1jner alaptanfolyammal. Ezen fel\u00fcl sz\u00e1mos tov\u00e1bbk\u00e9pz\u00e9sen vettem m\u00e1r r\u00e9szt online \u00e9s szem\u00e9lyes form\u00e1ban is.", "awards": "", "is_instructor": false, "instagram_handle": "turigreta_nailartist", "facebook_url": "Turi Gr\u00e9ta\u2022nail artist", "tiktok_handle": "", "website_url": "", "services_offered": "Manik\u0171r, er\u0151s\u00edtett g\u00e9l lakk \u00e9s m\u0171k\u00f6r\u00f6m\u00e9p\u00edt\u00e9s L m\u00e9retig.", "languages": "Magyar", "wheelchair_accessible": false, "average_rating": 0.0, "rating_count": 0, "latitude": 0.0, "longitude": 0.0, "price_list": [], "price_list_image": true, "price_list_json": false, "ratings": [], "promotions": []}, "product": false, "nail_artist": {"id": 1362, "name": "Turi Gr\u00e9ta", "url": "/kormos/turi-greta-1362", "image": "/web/image/nail.artist/1362/image/300x300", "other_images": ["/web/image?model=nail.artist.images&field=image&id=5369", "/web/image?model=nail.artist.images&field=image&id=5368", "/web/image?model=nail.artist.images&field=image&id=5367", "/web/image?model=nail.artist.images&field=image&id=5366", "/web/image?model=nail.artist.images&field=image&id=5365", "/web/image?model=nail.artist.images&field=image&id=5364", "/web/image?model=nail.artist.images&field=image&id=5363", "/web/image?model=nail.artist.images&field=image&id=5362", "/web/image?model=nail.artist.images&field=image&id=5361", "/web/image?model=nail.artist.images&field=image&id=5360", "/web/image?model=nail.artist.images&field=image&id=5359", "/web/image?model=nail.artist.images&field=image&id=5358", "/web/image?model=nail.artist.images&field=image&id=5357"], "city": "Balmaz\u00fajv\u00e1ros", "megye": "Hajd\u00fa-Bihar", "email": "gretifelvi@gmail.com", "phone": "+36302968090", "description": "<p>Kedves Leend\u0151 Vend\u00e9geim!\n\nNagyon \u00f6r\u00f6mmel szeretn\u00e9lek \u00e9rtes\u00edteni Titeket, hogy v\u00e1llalkoz\u00e1som 2026. febru\u00e1r 23-\u00e1n megnyitotta kapuit Balmaz\u00fajv\u00e1roson.\u2728\n\nHa szeretn\u00e9tek sz\u00e9p, tart\u00f3s, ig\u00e9nyes k\u00f6rm\u00f6ket \u00e9s m\u00e9g keresitek a sz\u00e1modra megfelel\u0151 szakembert, v\u00e1rom jelentkez\u00e9seteket a megadott el\u00e9rhet\u0151s\u00e9gek egyik\u00e9n.\n\nKezd\u0151 k\u00f6rm\u00f6sk\u00e9nt minden vend\u00e9gemre maxim\u00e1lis figyelmet ford\u00edtok \u2013 n\u00e1lam nincs siets\u00e9g, csak precizit\u00e1s \u00e9s nyugalom.\nLegyen sz\u00f3:\n\ud83d\udc85\ud83c\udffb eleg\u00e1ns, letisztult st\u00edlusr\u00f3l\n\ud83d\udc85\ud83c\udffb a legfrissebb trendekr\u0151l\n\ud83d\udc85\ud83c\udffb vagy egy kis extra csillog\u00e1sr\u00f3l\na c\u00e9lom, hogy el\u00e9gedetts\u00e9ggel az arcotokon t\u00e1vozzatok.\n\n\u2755Fontos tudnotok, hogy a tev\u00e9kenys\u00e9get m\u00e1sod\u00e1ll\u00e1sban v\u00e9gzem; h\u00e9tk\u00f6znapokon d\u00e9lut\u00e1nonk\u00e9nt \u00e9s h\u00e9tv\u00e9genk\u00e9nt. A pontos nyitvatart\u00e1si id\u0151t megtal\u00e1lj\u00e1tok a Facebook-oldalamon (Turi Gr\u00e9ta \u2022 nail artist).\n\n\ud83c\udf81 Els\u0151 alkalomn\u00e1l minden vend\u00e9g aj\u00e1nd\u00e9kban r\u00e9szes\u00fcl.\n\n\ud83d\udccdBalmaz\u00fajv\u00e1ros\n\ud83d\udcde +36302968090\n\ud83d\udc8c Facebookon vagy instagramon</p>", "is_palota_nails_artist": false, "is_only_student": false, "address": "M\u00e1ty\u00e1s kir\u00e1ly utca 51.", "has_profile_image": true, "started_year": 2026, "qualifications": "Rendelkezem m\u0171k\u00f6r\u00f6m\u00e9p\u00edt\u0151 \u00e9s k\u00f6r\u00f6mdiz\u00e1jner alaptanfolyammal. Ezen fel\u00fcl sz\u00e1mos tov\u00e1bbk\u00e9pz\u00e9sen vettem m\u00e1r r\u00e9szt online \u00e9s szem\u00e9lyes form\u00e1ban is.", "awards": "", "is_instructor": false, "instagram_handle": "turigreta_nailartist", "facebook_url": "Turi Gr\u00e9ta\u2022nail artist", "tiktok_handle": "", "website_url": "", "services_offered": "Manik\u0171r, er\u0151s\u00edtett g\u00e9l lakk \u00e9s m\u0171k\u00f6r\u00f6m\u00e9p\u00edt\u00e9s L m\u00e9retig.", "languages": "Magyar", "wheelchair_accessible": false, "average_rating": 0.0, "rating_count": 0, "latitude": 0.0, "longitude": 0.0, "price_list": [], "price_list_image": true, "price_list_json": false, "ratings": [], "promotions": []}}