{"main_object": {"id": 1191, "name": "Szab\u00f3n\u00e9 K\u00e9zsm\u00e1rki Marcsi", "url": "/kormos/szabone-kezsmarki-marcsi-1191", "image": "/web/image/nail.artist/1191/image/300x300", "other_images": ["/web/image?model=nail.artist.images&field=image&id=2976", "/web/image?model=nail.artist.images&field=image&id=2975", "/web/image?model=nail.artist.images&field=image&id=2974", "/web/image?model=nail.artist.images&field=image&id=2973", "/web/image?model=nail.artist.images&field=image&id=2972", "/web/image?model=nail.artist.images&field=image&id=2971", "/web/image?model=nail.artist.images&field=image&id=2970", "/web/image?model=nail.artist.images&field=image&id=2969", "/web/image?model=nail.artist.images&field=image&id=2968", "/web/image?model=nail.artist.images&field=image&id=2965", "/web/image?model=nail.artist.images&field=image&id=2964", "/web/image?model=nail.artist.images&field=image&id=2962", "/web/image?model=nail.artist.images&field=image&id=2961"], "city": "Gyomaendr\u0151d", "megye": "B\u00e9k\u00e9s", "email": "marcsi89@gmail.com", "phone": "+36307133261", "description": "<p>Sziasztok!\nItt szeretn\u00e9k \u00edrni arr\u00f3l, hogy mi\u00e9rt is lettem k\u00f6rm\u00f6s/pedik\u0171r\u00f6s- k\u00e9z- \u00e9s l\u00e1b\u00e1pol\u00f3 \ud83e\udd70\nI. Eml\u00e9kszem, hogy m\u00e1r kicsi gyermekkorom \u00f3ta im\u00e1dtam rajzolni, kreat\u00edvkodni, de f\u0151leg otthon, saj\u00e1t magam pr\u00f3b\u00e1lkoztam k\u00fcl\u00f6nb\u00f6z\u0151 technik\u00e1kkal. Egyik kedvencem volt t\u00e1jk\u00e9pek, figur\u00e1k, \u00e1llatk\u00e9pek, fot\u00f3k m\u00e1sol\u00e1sa rajz form\u00e1ban. Azt\u00e1n eml\u00e9kszem, m\u00e1r nagyobb voltam, amikor b\u00e1tors\u00e1got gy\u0171jt\u00f6ttem, \u00e9s oda\u00e1lltam valaki el\u00e9, akit nagyon nagyra tartottam (tartok a mai napig is) szakmailag a k\u00e9pz\u0151m\u0171v\u00e9szet vil\u00e1g\u00e1ban, el\u0151vettem a rajzaimat \u00e9s megmutattam Neki. \u00c1lltam csendben, sz\u00f3tlanul, v\u00e1rakoz\u00f3an, majd a k\u00f6vetkez\u0151 v\u00e1lasz \u00e9rkezett: \"M\u00e1solni nem szerencs\u00e9s.\" Majd b\u00e1r eml\u00edtette a rajz szakk\u00f6r lehet\u0151s\u00e9g\u00e9t, \u00fagy \u00e9reztem nem lenn\u00e9k el\u00e9gg\u00e9 odaval\u00f3. V\u00e9g\u00fcl m\u00e1s ir\u00e1nyokban tanultam tov\u00e1bb, \u00e9s sok \u00e9vvel k\u00e9s\u0151bb, amikor elj\u00f6tt a lehet\u0151s\u00e9ge, hogy k\u00e9z\u00e1pol\u00f3- \u00e9s m\u0171k\u00f6r\u00f6m\u00e9p\u00edt\u0151 tanfolyamra j\u00e1rjak, akkor gondolkodtam el igaz\u00e1n azon, hogy t\u00e9ny, hogy nagyon nagyon sok esetben m\u00e1solni kifejezetten nem szerencs\u00e9s, de ha \u00c9n sz\u00e9p, \u00edzl\u00e9ses k\u00f6rm\u00f6ket szeretn\u00e9k k\u00e9sz\u00edteni majd a vend\u00e9geimnek, na akkor viszont nagyon is szerencs\u00e9s, ha a v\u00e9geredm\u00e9nyhez sz\u00fcks\u00e9ges elemeket m\u00e1solni tudom, vagy k\u00edv\u00e1ns\u00e1g/ adott lehet\u0151s\u00e9gek keret\u00e9ben hasonl\u00f3ra elk\u00e9sz\u00edteni. Sz\u00f3val igen, megtal\u00e1ltam a kiv\u00e9telt, ahol m\u00e1solni szerencs\u00e9s, \u00e9s im\u00e1dom, legyen sz\u00f3 egy egyszer\u0171 letisztult szettr\u0151l, vagy egy nagyobb kih\u00edv\u00e1st jelent\u0151 k\u00e9zzel festett mint\u00e1r\u00f3l.\ud83e\udd70\nII. A l\u00e1b\u00e1pol\u00e1s fontoss\u00e1ga, jelent\u0151s\u00e9ge, m\u00e1r nagyon fiatalon megfogalmaz\u00f3dott bennem, de valahogyan mindig csak magamra vet\u00edtve gondolkodtam el a t\u00e9m\u00e1ban. Mikor p\u00e1r \u00e9ve elkezdtem a k\u00f6rm\u00f6s tanfolyamot, p\u00e1rhuzamosan a l\u00e1b\u00e1pol\u00f3/pedik\u0171r\u00f6s tanfolyam is ment a k\u00e9pz\u0151 iskol\u00e1ban, \u00e9s akkor j\u00f6ttem r\u00e1, hogy \u00e9n ezt is nagyon szeretn\u00e9m \u2764\ufe0f m\u00e1soknak seg\u00edteni, hogy megfelel\u0151en \u00e1polt l\u00e1bakon j\u00e1rjanak/\u00e9ljenek. P\u00e1r \u00e9vvel ezel\u0151ttr\u0151l van m\u00e9g egy eml\u00e9kem, amikor is nagyon kezd\u0151k\u00e9nt egy nagyon probl\u00e9m\u00e1s l\u00e1bon seg\u00edtettem, \u00e9s a h\u00e1l\u00e1s tekintet a v\u00e9g\u00e9n is csak igazol\u00e1s volt arra, hogy \u00e9rdemes csin\u00e1lni. \u2764\ufe0f</p>", "is_palota_nails_artist": false, "is_only_student": false, "address": "Arany J\u00e1nos utca 18.", "has_profile_image": true, "started_year": 2020, "qualifications": "K\u00e9z\u00e1pol\u00f3- \u00e9s m\u0171k\u00f6r\u00f6m\u00e9p\u00edt\u0151 v\u00e9gzetts\u00e9g: ezen bel\u00fcl kifejezetten S-M k\u00f6rm\u00f6k reszel\u00e9smentes t\u00f6lt\u00e9se, t\u00f6bb k\u00fcl\u00f6nb\u00f6z\u0151 d\u00edsz\u00edt\u0151 tanfolyamot is elv\u00e9geztem, hogy a letisztult sz\u00e9ps\u00e9g\u0171 k\u00f6rm\u00f6k mellett k\u00e9zzel festett mint\u00e1kat is alkothassak\nL\u00e1b\u00e1pol\u00e1s, pedik\u0171r, gy\u00f3gypedik\u0171r: Az ut\u00f3bbi id\u0151ben kifejezetten sok k\u00e9pz\u00e9sen vettem r\u00e9szt, hogyan lehet hosszan tart\u00f3 puha l\u00e1bakat var\u00e1zsolni amely \u00e1ltal eredm\u00e9nyes eszt\u00e9tikai pedik\u0171r sz\u00fcletik. Elhivatott vagyok emellett a probl\u00e9m\u00e1s k\u00f6rm\u00f6kn\u00e9l val\u00f3 seg\u00edts\u00e9gny\u00fajt\u00e1sban - ben\u0151tt k\u00f6r\u00f6m kezel\u00e9s, k\u00f6r\u00f6mszab\u00e1lyoz\u00e1s, s\u00e9r\u00fclt k\u00f6rm\u00f6k, sarokreped\u00e9sek probl\u00e9m\u00e1j\u00e1n is lelkesen, szak\u00e9rtelemmel seg\u00edtek.", "awards": "", "is_instructor": false, "instagram_handle": "marchnails.design", "facebook_url": "https://www.facebook.com/MarchNails.Design", "tiktok_handle": "marchnailsdesign", "website_url": "", "services_offered": "- S - M k\u00f6rm\u00f6k reszel\u00e9smentes technik\u00e1val (term\u00e9szetesen ha korrekci\u00f3t ig\u00e9nyel a vend\u00e9g k\u00f6rme akkor annak megfelel\u0151en reszel\u00e9ses technik\u00e1t is tudok alkalmazni)\n - Alap kombin\u00e1lt l\u00e1b\u00e1pol\u00e1s\n - Callux l\u00e1b\u00e1pol\u00e1s\n - Sarokreped\u00e9s kezel\u00e9se\n - S\u00e9r\u00fclt, fert\u0151z\u00f6tt k\u00f6rm\u00f6k kezel\u00e9se\n - Ben\u0151tt k\u00f6r\u00f6m kezel\u00e9se\n - K\u00f6r\u00f6mszab\u00e1lyoz\u00e1s", "languages": "Magyar, Angol", "wheelchair_accessible": false, "average_rating": 0.0, "rating_count": 0, "latitude": 0.0, "longitude": 0.0, "price_list": [], "price_list_image": true, "price_list_json": false, "ratings": [], "promotions": []}, "product": false, "nail_artist": {"id": 1191, "name": "Szab\u00f3n\u00e9 K\u00e9zsm\u00e1rki Marcsi", "url": "/kormos/szabone-kezsmarki-marcsi-1191", "image": "/web/image/nail.artist/1191/image/300x300", "other_images": ["/web/image?model=nail.artist.images&field=image&id=2976", "/web/image?model=nail.artist.images&field=image&id=2975", "/web/image?model=nail.artist.images&field=image&id=2974", "/web/image?model=nail.artist.images&field=image&id=2973", "/web/image?model=nail.artist.images&field=image&id=2972", "/web/image?model=nail.artist.images&field=image&id=2971", "/web/image?model=nail.artist.images&field=image&id=2970", "/web/image?model=nail.artist.images&field=image&id=2969", "/web/image?model=nail.artist.images&field=image&id=2968", "/web/image?model=nail.artist.images&field=image&id=2965", "/web/image?model=nail.artist.images&field=image&id=2964", "/web/image?model=nail.artist.images&field=image&id=2962", "/web/image?model=nail.artist.images&field=image&id=2961"], "city": "Gyomaendr\u0151d", "megye": "B\u00e9k\u00e9s", "email": "marcsi89@gmail.com", "phone": "+36307133261", "description": "<p>Sziasztok!\nItt szeretn\u00e9k \u00edrni arr\u00f3l, hogy mi\u00e9rt is lettem k\u00f6rm\u00f6s/pedik\u0171r\u00f6s- k\u00e9z- \u00e9s l\u00e1b\u00e1pol\u00f3 \ud83e\udd70\nI. Eml\u00e9kszem, hogy m\u00e1r kicsi gyermekkorom \u00f3ta im\u00e1dtam rajzolni, kreat\u00edvkodni, de f\u0151leg otthon, saj\u00e1t magam pr\u00f3b\u00e1lkoztam k\u00fcl\u00f6nb\u00f6z\u0151 technik\u00e1kkal. Egyik kedvencem volt t\u00e1jk\u00e9pek, figur\u00e1k, \u00e1llatk\u00e9pek, fot\u00f3k m\u00e1sol\u00e1sa rajz form\u00e1ban. Azt\u00e1n eml\u00e9kszem, m\u00e1r nagyobb voltam, amikor b\u00e1tors\u00e1got gy\u0171jt\u00f6ttem, \u00e9s oda\u00e1lltam valaki el\u00e9, akit nagyon nagyra tartottam (tartok a mai napig is) szakmailag a k\u00e9pz\u0151m\u0171v\u00e9szet vil\u00e1g\u00e1ban, el\u0151vettem a rajzaimat \u00e9s megmutattam Neki. \u00c1lltam csendben, sz\u00f3tlanul, v\u00e1rakoz\u00f3an, majd a k\u00f6vetkez\u0151 v\u00e1lasz \u00e9rkezett: \"M\u00e1solni nem szerencs\u00e9s.\" Majd b\u00e1r eml\u00edtette a rajz szakk\u00f6r lehet\u0151s\u00e9g\u00e9t, \u00fagy \u00e9reztem nem lenn\u00e9k el\u00e9gg\u00e9 odaval\u00f3. V\u00e9g\u00fcl m\u00e1s ir\u00e1nyokban tanultam tov\u00e1bb, \u00e9s sok \u00e9vvel k\u00e9s\u0151bb, amikor elj\u00f6tt a lehet\u0151s\u00e9ge, hogy k\u00e9z\u00e1pol\u00f3- \u00e9s m\u0171k\u00f6r\u00f6m\u00e9p\u00edt\u0151 tanfolyamra j\u00e1rjak, akkor gondolkodtam el igaz\u00e1n azon, hogy t\u00e9ny, hogy nagyon nagyon sok esetben m\u00e1solni kifejezetten nem szerencs\u00e9s, de ha \u00c9n sz\u00e9p, \u00edzl\u00e9ses k\u00f6rm\u00f6ket szeretn\u00e9k k\u00e9sz\u00edteni majd a vend\u00e9geimnek, na akkor viszont nagyon is szerencs\u00e9s, ha a v\u00e9geredm\u00e9nyhez sz\u00fcks\u00e9ges elemeket m\u00e1solni tudom, vagy k\u00edv\u00e1ns\u00e1g/ adott lehet\u0151s\u00e9gek keret\u00e9ben hasonl\u00f3ra elk\u00e9sz\u00edteni. Sz\u00f3val igen, megtal\u00e1ltam a kiv\u00e9telt, ahol m\u00e1solni szerencs\u00e9s, \u00e9s im\u00e1dom, legyen sz\u00f3 egy egyszer\u0171 letisztult szettr\u0151l, vagy egy nagyobb kih\u00edv\u00e1st jelent\u0151 k\u00e9zzel festett mint\u00e1r\u00f3l.\ud83e\udd70\nII. A l\u00e1b\u00e1pol\u00e1s fontoss\u00e1ga, jelent\u0151s\u00e9ge, m\u00e1r nagyon fiatalon megfogalmaz\u00f3dott bennem, de valahogyan mindig csak magamra vet\u00edtve gondolkodtam el a t\u00e9m\u00e1ban. Mikor p\u00e1r \u00e9ve elkezdtem a k\u00f6rm\u00f6s tanfolyamot, p\u00e1rhuzamosan a l\u00e1b\u00e1pol\u00f3/pedik\u0171r\u00f6s tanfolyam is ment a k\u00e9pz\u0151 iskol\u00e1ban, \u00e9s akkor j\u00f6ttem r\u00e1, hogy \u00e9n ezt is nagyon szeretn\u00e9m \u2764\ufe0f m\u00e1soknak seg\u00edteni, hogy megfelel\u0151en \u00e1polt l\u00e1bakon j\u00e1rjanak/\u00e9ljenek. P\u00e1r \u00e9vvel ezel\u0151ttr\u0151l van m\u00e9g egy eml\u00e9kem, amikor is nagyon kezd\u0151k\u00e9nt egy nagyon probl\u00e9m\u00e1s l\u00e1bon seg\u00edtettem, \u00e9s a h\u00e1l\u00e1s tekintet a v\u00e9g\u00e9n is csak igazol\u00e1s volt arra, hogy \u00e9rdemes csin\u00e1lni. \u2764\ufe0f</p>", "is_palota_nails_artist": false, "is_only_student": false, "address": "Arany J\u00e1nos utca 18.", "has_profile_image": true, "started_year": 2020, "qualifications": "K\u00e9z\u00e1pol\u00f3- \u00e9s m\u0171k\u00f6r\u00f6m\u00e9p\u00edt\u0151 v\u00e9gzetts\u00e9g: ezen bel\u00fcl kifejezetten S-M k\u00f6rm\u00f6k reszel\u00e9smentes t\u00f6lt\u00e9se, t\u00f6bb k\u00fcl\u00f6nb\u00f6z\u0151 d\u00edsz\u00edt\u0151 tanfolyamot is elv\u00e9geztem, hogy a letisztult sz\u00e9ps\u00e9g\u0171 k\u00f6rm\u00f6k mellett k\u00e9zzel festett mint\u00e1kat is alkothassak\nL\u00e1b\u00e1pol\u00e1s, pedik\u0171r, gy\u00f3gypedik\u0171r: Az ut\u00f3bbi id\u0151ben kifejezetten sok k\u00e9pz\u00e9sen vettem r\u00e9szt, hogyan lehet hosszan tart\u00f3 puha l\u00e1bakat var\u00e1zsolni amely \u00e1ltal eredm\u00e9nyes eszt\u00e9tikai pedik\u0171r sz\u00fcletik. Elhivatott vagyok emellett a probl\u00e9m\u00e1s k\u00f6rm\u00f6kn\u00e9l val\u00f3 seg\u00edts\u00e9gny\u00fajt\u00e1sban - ben\u0151tt k\u00f6r\u00f6m kezel\u00e9s, k\u00f6r\u00f6mszab\u00e1lyoz\u00e1s, s\u00e9r\u00fclt k\u00f6rm\u00f6k, sarokreped\u00e9sek probl\u00e9m\u00e1j\u00e1n is lelkesen, szak\u00e9rtelemmel seg\u00edtek.", "awards": "", "is_instructor": false, "instagram_handle": "marchnails.design", "facebook_url": "https://www.facebook.com/MarchNails.Design", "tiktok_handle": "marchnailsdesign", "website_url": "", "services_offered": "- S - M k\u00f6rm\u00f6k reszel\u00e9smentes technik\u00e1val (term\u00e9szetesen ha korrekci\u00f3t ig\u00e9nyel a vend\u00e9g k\u00f6rme akkor annak megfelel\u0151en reszel\u00e9ses technik\u00e1t is tudok alkalmazni)\n - Alap kombin\u00e1lt l\u00e1b\u00e1pol\u00e1s\n - Callux l\u00e1b\u00e1pol\u00e1s\n - Sarokreped\u00e9s kezel\u00e9se\n - S\u00e9r\u00fclt, fert\u0151z\u00f6tt k\u00f6rm\u00f6k kezel\u00e9se\n - Ben\u0151tt k\u00f6r\u00f6m kezel\u00e9se\n - K\u00f6r\u00f6mszab\u00e1lyoz\u00e1s", "languages": "Magyar, Angol", "wheelchair_accessible": false, "average_rating": 0.0, "rating_count": 0, "latitude": 0.0, "longitude": 0.0, "price_list": [], "price_list_image": true, "price_list_json": false, "ratings": [], "promotions": []}}