{"main_object": {"id": 1309, "name": "Szab\u00f3 Vikt\u00f3ria", "url": "/kormos/szabo-viktoria-1309", "image": "/web/image/nail.artist/1309/image/300x300", "other_images": ["/web/image?model=nail.artist.images&field=image&id=5355", "/web/image?model=nail.artist.images&field=image&id=5354", "/web/image?model=nail.artist.images&field=image&id=5353", "/web/image?model=nail.artist.images&field=image&id=5352", "/web/image?model=nail.artist.images&field=image&id=4976", "/web/image?model=nail.artist.images&field=image&id=4678", "/web/image?model=nail.artist.images&field=image&id=4677", "/web/image?model=nail.artist.images&field=image&id=4676", "/web/image?model=nail.artist.images&field=image&id=4673", "/web/image?model=nail.artist.images&field=image&id=4672", "/web/image?model=nail.artist.images&field=image&id=4671", "/web/image?model=nail.artist.images&field=image&id=4670", "/web/image?model=nail.artist.images&field=image&id=4669", "/web/image?model=nail.artist.images&field=image&id=4667", "/web/image?model=nail.artist.images&field=image&id=4666", "/web/image?model=nail.artist.images&field=image&id=4665"], "city": "Budapest 09. ker.", "megye": "f\u00f5v\u00e1ros", "email": "viktoria.szabo1080@gmail.com", "phone": "", "description": "<p>Sziasztok! Szab\u00f3 Viki vagyok az Esem\u00e9nyb\u0171v\u00f6l\u0151- k\u00f6r\u00f6mvar\u00e1zs megalkot\u00f3ja. Jelenleg f\u0151\u00e1ll\u00e1ssom mellett k\u00f6rm\u00f6z\u00f6k, \u00edgy id\u0151pontokat h\u00e9tk\u00f6znap 17 \u00f3r\u00e1t\u00f3l vagy h\u00e9tv\u00e9g\u00e9re tudtok k\u00e9rni el\u0151re egyeztetve. Kezd\u0151 v\u00e1llalkoz\u00f3k\u00e9nt a vend\u00e9gk\u00f6r\u00f6m b\u0151v\u00edt\u00e9s\u00e9n dolgozom, \u00edgy szeretettel v\u00e1rom r\u00e9gi \u00e9s \u00faj vend\u00e9geimet egyar\u00e1nt.  Az al\u00e1bbi mott\u00f3 jellemzi a munk\u00e1mat \" A t\u00f6k\u00e9letess\u00e9g unalmas lenne... \u00e9n ink\u00e1bb a fejl\u0151d\u00e9st v\u00e1lasztom. Minden k\u00f6r\u00f6m egy \u00fajabb l\u00e9p\u00e9s a legjobb fel\u00e9.\" A fejl\u0151d\u00e9sem c\u00e9lj\u00e1ul n\u00e9h\u00e1ny esetben van lehet\u0151s\u00e9g kedvezm\u00e9nyesen is jelentkezni hozz\u00e1m, ha van \u00e9ppen valami, amit kimondottan gyakorolni szeretn\u00e9k, ezzel kapcsolatban a r\u00e9szleteket megbesz\u00e9lj\u00fck. K\u00f6rm\u00f6s munk\u00e1imat az Esem\u00e9nyb\u0171v\u00f6l\u0151- k\u00f6r\u00f6mvar\u00e1zs facebook oldalamon tudj\u00e1tok megtekinteni, de a v\u00e1llalkoz\u00e1som egy m\u00e1sik ter\u00fcletet is \u00e9rint, ami a sz\u00edvemhez k\u00f6zel \u00e1ll, amit pedig az Esem\u00e9nyb\u0171v\u00f6l\u0151- Var\u00e1zsm\u0171hely facebook oldalon tekinthettek meg.  Keressetek bizalommal!</p>", "is_palota_nails_artist": false, "is_only_student": false, "address": "T\u00f3th K\u00e1lm\u00e1n utca ", "has_profile_image": true, "started_year": 2025, "qualifications": "Perfect nailsn\u00e9l tanultam, v\u00e1llalkoz\u00e1shoz megfelel\u0151 tan\u00fas\u00edtv\u00e1nyt \u00e9s bizony\u00edtv\u00e1nyt megkaptam.\nTov\u00e1bbk\u00e9pz\u00e9sem:\nT\u00f3th Kata k\u00f6rm\u00f6s oktat\u00f3n\u00e1l online tanfolyamokon val\u00f3 r\u00e9szv\u00e9tel.\nSz\u0151nyi- Majoros \u00c1gnes oktat\u00f3n\u00e1l egy\u00e9ni mag\u00e1nk\u00e9pz\u00e9sen vettem r\u00e9szt.", "awards": "", "is_instructor": false, "instagram_handle": "", "facebook_url": "Esem\u00e9nyb\u0171v\u00f6l\u0151-k\u00f6r\u00f6mvar\u00e1zs", "tiktok_handle": "", "website_url": "", "services_offered": "Manik\u0171r, m\u0171k\u00f6r\u00f6m \u00e9p\u00edt\u00e9s (s,m,l m\u00e9ret), er\u0151s\u00edtett g\u00e9l lakk, k\u00e9zzel festett d\u00edsz\u00edt\u00e9sek, illetve van lehet\u0151s\u00e9g peel off base alappal k\u00e9sz\u00edtett g\u00e9l lakkoz\u00e1sra is", "languages": "Magyar", "wheelchair_accessible": false, "average_rating": 0.0, "rating_count": 0, "latitude": 0.0, "longitude": 0.0, "price_list": [], "price_list_image": false, "price_list_json": "[{\"category\":\"G\u00e9l lakk\",\"name\":\"Er\u0151s\u00edtett g\u00e9l lakk nat\u00far k\u00f6r\u00f6mre ujjbegyig\",\"price\":6000,\"duration\":60},{\"category\":\"G\u00e9l lakk\",\"name\":\"Er\u0151s\u00edtett g\u00e9l lakk csere ujjbegyig \",\"price\":6500,\"duration\":90},{\"category\":\"M\u0171k\u00f6r\u00f6m\",\"name\":\"M\u0171k\u00f6r\u00f6m \u00e9p\u00edt\u00e9s S m\u00e9ret \",\"price\":7000,\"duration\":120},{\"category\":\"M\u0171k\u00f6r\u00f6m\",\"name\":\"M\u0171k\u00f6r\u00f6m t\u00f6lt\u00e9s S m\u00e9ret \",\"price\":6500,\"duration\":90}]", "ratings": [], "promotions": []}, "product": false, "nail_artist": {"id": 1309, "name": "Szab\u00f3 Vikt\u00f3ria", "url": "/kormos/szabo-viktoria-1309", "image": "/web/image/nail.artist/1309/image/300x300", "other_images": ["/web/image?model=nail.artist.images&field=image&id=5355", "/web/image?model=nail.artist.images&field=image&id=5354", "/web/image?model=nail.artist.images&field=image&id=5353", "/web/image?model=nail.artist.images&field=image&id=5352", "/web/image?model=nail.artist.images&field=image&id=4976", "/web/image?model=nail.artist.images&field=image&id=4678", "/web/image?model=nail.artist.images&field=image&id=4677", "/web/image?model=nail.artist.images&field=image&id=4676", "/web/image?model=nail.artist.images&field=image&id=4673", "/web/image?model=nail.artist.images&field=image&id=4672", "/web/image?model=nail.artist.images&field=image&id=4671", "/web/image?model=nail.artist.images&field=image&id=4670", "/web/image?model=nail.artist.images&field=image&id=4669", "/web/image?model=nail.artist.images&field=image&id=4667", "/web/image?model=nail.artist.images&field=image&id=4666", "/web/image?model=nail.artist.images&field=image&id=4665"], "city": "Budapest 09. ker.", "megye": "f\u00f5v\u00e1ros", "email": "viktoria.szabo1080@gmail.com", "phone": "", "description": "<p>Sziasztok! Szab\u00f3 Viki vagyok az Esem\u00e9nyb\u0171v\u00f6l\u0151- k\u00f6r\u00f6mvar\u00e1zs megalkot\u00f3ja. Jelenleg f\u0151\u00e1ll\u00e1ssom mellett k\u00f6rm\u00f6z\u00f6k, \u00edgy id\u0151pontokat h\u00e9tk\u00f6znap 17 \u00f3r\u00e1t\u00f3l vagy h\u00e9tv\u00e9g\u00e9re tudtok k\u00e9rni el\u0151re egyeztetve. Kezd\u0151 v\u00e1llalkoz\u00f3k\u00e9nt a vend\u00e9gk\u00f6r\u00f6m b\u0151v\u00edt\u00e9s\u00e9n dolgozom, \u00edgy szeretettel v\u00e1rom r\u00e9gi \u00e9s \u00faj vend\u00e9geimet egyar\u00e1nt.  Az al\u00e1bbi mott\u00f3 jellemzi a munk\u00e1mat \" A t\u00f6k\u00e9letess\u00e9g unalmas lenne... \u00e9n ink\u00e1bb a fejl\u0151d\u00e9st v\u00e1lasztom. Minden k\u00f6r\u00f6m egy \u00fajabb l\u00e9p\u00e9s a legjobb fel\u00e9.\" A fejl\u0151d\u00e9sem c\u00e9lj\u00e1ul n\u00e9h\u00e1ny esetben van lehet\u0151s\u00e9g kedvezm\u00e9nyesen is jelentkezni hozz\u00e1m, ha van \u00e9ppen valami, amit kimondottan gyakorolni szeretn\u00e9k, ezzel kapcsolatban a r\u00e9szleteket megbesz\u00e9lj\u00fck. K\u00f6rm\u00f6s munk\u00e1imat az Esem\u00e9nyb\u0171v\u00f6l\u0151- k\u00f6r\u00f6mvar\u00e1zs facebook oldalamon tudj\u00e1tok megtekinteni, de a v\u00e1llalkoz\u00e1som egy m\u00e1sik ter\u00fcletet is \u00e9rint, ami a sz\u00edvemhez k\u00f6zel \u00e1ll, amit pedig az Esem\u00e9nyb\u0171v\u00f6l\u0151- Var\u00e1zsm\u0171hely facebook oldalon tekinthettek meg.  Keressetek bizalommal!</p>", "is_palota_nails_artist": false, "is_only_student": false, "address": "T\u00f3th K\u00e1lm\u00e1n utca ", "has_profile_image": true, "started_year": 2025, "qualifications": "Perfect nailsn\u00e9l tanultam, v\u00e1llalkoz\u00e1shoz megfelel\u0151 tan\u00fas\u00edtv\u00e1nyt \u00e9s bizony\u00edtv\u00e1nyt megkaptam.\nTov\u00e1bbk\u00e9pz\u00e9sem:\nT\u00f3th Kata k\u00f6rm\u00f6s oktat\u00f3n\u00e1l online tanfolyamokon val\u00f3 r\u00e9szv\u00e9tel.\nSz\u0151nyi- Majoros \u00c1gnes oktat\u00f3n\u00e1l egy\u00e9ni mag\u00e1nk\u00e9pz\u00e9sen vettem r\u00e9szt.", "awards": "", "is_instructor": false, "instagram_handle": "", "facebook_url": "Esem\u00e9nyb\u0171v\u00f6l\u0151-k\u00f6r\u00f6mvar\u00e1zs", "tiktok_handle": "", "website_url": "", "services_offered": "Manik\u0171r, m\u0171k\u00f6r\u00f6m \u00e9p\u00edt\u00e9s (s,m,l m\u00e9ret), er\u0151s\u00edtett g\u00e9l lakk, k\u00e9zzel festett d\u00edsz\u00edt\u00e9sek, illetve van lehet\u0151s\u00e9g peel off base alappal k\u00e9sz\u00edtett g\u00e9l lakkoz\u00e1sra is", "languages": "Magyar", "wheelchair_accessible": false, "average_rating": 0.0, "rating_count": 0, "latitude": 0.0, "longitude": 0.0, "price_list": [], "price_list_image": false, "price_list_json": "[{\"category\":\"G\u00e9l lakk\",\"name\":\"Er\u0151s\u00edtett g\u00e9l lakk nat\u00far k\u00f6r\u00f6mre ujjbegyig\",\"price\":6000,\"duration\":60},{\"category\":\"G\u00e9l lakk\",\"name\":\"Er\u0151s\u00edtett g\u00e9l lakk csere ujjbegyig \",\"price\":6500,\"duration\":90},{\"category\":\"M\u0171k\u00f6r\u00f6m\",\"name\":\"M\u0171k\u00f6r\u00f6m \u00e9p\u00edt\u00e9s S m\u00e9ret \",\"price\":7000,\"duration\":120},{\"category\":\"M\u0171k\u00f6r\u00f6m\",\"name\":\"M\u0171k\u00f6r\u00f6m t\u00f6lt\u00e9s S m\u00e9ret \",\"price\":6500,\"duration\":90}]", "ratings": [], "promotions": []}}