{"main_object": {"id": 1355, "name": "Seb\u00e1k Vikt\u00f3ria", "url": "/kormos/sebak-viktoria-1355", "image": "/web/image/nail.artist/1355/image/300x300", "other_images": ["/web/image?model=nail.artist.images&field=image&id=5287", "/web/image?model=nail.artist.images&field=image&id=5286", "/web/image?model=nail.artist.images&field=image&id=5285", "/web/image?model=nail.artist.images&field=image&id=5284", "/web/image?model=nail.artist.images&field=image&id=5283", "/web/image?model=nail.artist.images&field=image&id=5281", "/web/image?model=nail.artist.images&field=image&id=5280", "/web/image?model=nail.artist.images&field=image&id=5279", "/web/image?model=nail.artist.images&field=image&id=5276", "/web/image?model=nail.artist.images&field=image&id=5274", "/web/image?model=nail.artist.images&field=image&id=5273", "/web/image?model=nail.artist.images&field=image&id=5270"], "city": "Asz\u00f3d", "megye": "Pest", "email": "gkovvik@gmail.com", "phone": "+36709481658", "description": "<p>Szeretettel v\u00e1rlak a Sebi Nail Design vil\u00e1g\u00e1ban, ahol a kreativit\u00e1s tal\u00e1lkozik az ig\u00e9nyess\u00e9ggel \ud83d\udc85\nN\u00e1lam minden szett egyedi, hiszen hiszek abban, hogy a k\u00f6rm\u00f6k is lehetnek az \u00f6nkifejez\u00e9s r\u00e9szei. \ud83c\udfa8\n\ud83c\udf38 Mit tal\u00e1lsz n\u00e1lam?\nEgyedi k\u00e9zzel festett mint\u00e1k\nKlasszikus \u00e9s modern k\u00f6r\u00f6mtrendek\nMin\u0151s\u00e9gi alapanyagok\nK\u00e9nyelmes, bar\u00e1ts\u00e1gos l\u00e9gk\u00f6r\nC\u00e9lom, hogy ne csak sz\u00e9p, hanem tart\u00f3s k\u00f6rm\u00f6kkel t\u00e1vozz, \u00e9s minden alkalom egy kis felt\u00f6lt\u0151d\u00e9s legyen sz\u00e1modra \u2728\nK\u00f6vess, ha szeretn\u00e9l inspir\u00e1ci\u00f3t gy\u0171jteni, \u00faj trendeket felfedezni, vagy ha id\u0151pontfoglal\u00e1s \u00e9rdekel \ud83d\udc96\n</p>", "is_palota_nails_artist": false, "is_only_student": false, "address": "Erdy J\u00e1nos utca, 23", "has_profile_image": true, "started_year": 2025, "qualifications": "", "awards": "", "is_instructor": false, "instagram_handle": "sebinaildesign", "facebook_url": "https://www.facebook.com/sebinaildesign", "tiktok_handle": "", "website_url": "", "services_offered": "M\u0171k\u00f6r\u00f6m, G\u00e9llakk, Egyedi d\u00edsz\u00edt\u00e9s", "languages": "Magyar", "wheelchair_accessible": false, "average_rating": 0.0, "rating_count": 0, "latitude": 0.0, "longitude": 0.0, "price_list": [], "price_list_image": false, "price_list_json": false, "ratings": [], "promotions": []}, "product": false, "nail_artist": {"id": 1355, "name": "Seb\u00e1k Vikt\u00f3ria", "url": "/kormos/sebak-viktoria-1355", "image": "/web/image/nail.artist/1355/image/300x300", "other_images": ["/web/image?model=nail.artist.images&field=image&id=5287", "/web/image?model=nail.artist.images&field=image&id=5286", "/web/image?model=nail.artist.images&field=image&id=5285", "/web/image?model=nail.artist.images&field=image&id=5284", "/web/image?model=nail.artist.images&field=image&id=5283", "/web/image?model=nail.artist.images&field=image&id=5281", "/web/image?model=nail.artist.images&field=image&id=5280", "/web/image?model=nail.artist.images&field=image&id=5279", "/web/image?model=nail.artist.images&field=image&id=5276", "/web/image?model=nail.artist.images&field=image&id=5274", "/web/image?model=nail.artist.images&field=image&id=5273", "/web/image?model=nail.artist.images&field=image&id=5270"], "city": "Asz\u00f3d", "megye": "Pest", "email": "gkovvik@gmail.com", "phone": "+36709481658", "description": "<p>Szeretettel v\u00e1rlak a Sebi Nail Design vil\u00e1g\u00e1ban, ahol a kreativit\u00e1s tal\u00e1lkozik az ig\u00e9nyess\u00e9ggel \ud83d\udc85\nN\u00e1lam minden szett egyedi, hiszen hiszek abban, hogy a k\u00f6rm\u00f6k is lehetnek az \u00f6nkifejez\u00e9s r\u00e9szei. \ud83c\udfa8\n\ud83c\udf38 Mit tal\u00e1lsz n\u00e1lam?\nEgyedi k\u00e9zzel festett mint\u00e1k\nKlasszikus \u00e9s modern k\u00f6r\u00f6mtrendek\nMin\u0151s\u00e9gi alapanyagok\nK\u00e9nyelmes, bar\u00e1ts\u00e1gos l\u00e9gk\u00f6r\nC\u00e9lom, hogy ne csak sz\u00e9p, hanem tart\u00f3s k\u00f6rm\u00f6kkel t\u00e1vozz, \u00e9s minden alkalom egy kis felt\u00f6lt\u0151d\u00e9s legyen sz\u00e1modra \u2728\nK\u00f6vess, ha szeretn\u00e9l inspir\u00e1ci\u00f3t gy\u0171jteni, \u00faj trendeket felfedezni, vagy ha id\u0151pontfoglal\u00e1s \u00e9rdekel \ud83d\udc96\n</p>", "is_palota_nails_artist": false, "is_only_student": false, "address": "Erdy J\u00e1nos utca, 23", "has_profile_image": true, "started_year": 2025, "qualifications": "", "awards": "", "is_instructor": false, "instagram_handle": "sebinaildesign", "facebook_url": "https://www.facebook.com/sebinaildesign", "tiktok_handle": "", "website_url": "", "services_offered": "M\u0171k\u00f6r\u00f6m, G\u00e9llakk, Egyedi d\u00edsz\u00edt\u00e9s", "languages": "Magyar", "wheelchair_accessible": false, "average_rating": 0.0, "rating_count": 0, "latitude": 0.0, "longitude": 0.0, "price_list": [], "price_list_image": false, "price_list_json": false, "ratings": [], "promotions": []}}