{"main_object": {"id": 1291, "name": "Rad\u00f3 Orsolya", "url": "/kormos/rado-orsolya-1291", "image": "/web/image/nail.artist/1291/image/300x300", "other_images": ["/web/image?model=nail.artist.images&field=image&id=4470", "/web/image?model=nail.artist.images&field=image&id=4469", "/web/image?model=nail.artist.images&field=image&id=4468", "/web/image?model=nail.artist.images&field=image&id=4466", "/web/image?model=nail.artist.images&field=image&id=4464", "/web/image?model=nail.artist.images&field=image&id=4409", "/web/image?model=nail.artist.images&field=image&id=4408", "/web/image?model=nail.artist.images&field=image&id=4406", "/web/image?model=nail.artist.images&field=image&id=4405", "/web/image?model=nail.artist.images&field=image&id=4404", "/web/image?model=nail.artist.images&field=image&id=4400"], "city": "Zalaegerszeg", "megye": "Zala", "email": "orsolya.rado@gmail.com", "phone": "+36/709407215", "description": "<p>Sziasztok Rad\u00f3 Orsolya vagyok, k\u00f6zel 16 \u00e9ve ismerkedtem meg ezzel a szakm\u00e1val, majd ezt k\u00f6vet\u0151en r\u00f6vid id\u0151n bel\u00fcl el is v\u00e9geztem a k\u00e9z\u00e1pol\u00f3 \u00e9s m\u0171k\u00f6r\u00f6m \u00e9p\u00edt\u0151 OKJ-s tanfolyamot. \nEls\u0151 sorban zsel\u00e9vel dolgozom XS-M m\u00e9retig bez\u00e1r\u00f3lag valamint modern g\u00e9llakkoz\u00e1ssal.\nEr\u0151ss\u00e9gem, \u00e9s egyben a kedvenceim a letisztult egyszer\u0171 d\u00edsz\u00edt\u00e9sek, babyboomer \u00e9s a francia k\u00f6rm\u00f6k.\nA munk\u00e1mban a gyorsas\u00e1g, kisz\u00e1m\u00edthat\u00f3s\u00e1g, pontoss\u00e1g \u00e9s precizit\u00e1s nagyon fontos.\nC\u00e9lom, hogy vend\u00e9geim tart\u00f3s, ig\u00e9nyes \u00e9s megb\u00edzhat\u00f3 min\u0151s\u00e9g\u0171 k\u00f6rm\u00f6kkel t\u00e1vozzanak, minden alkalommal.\nV\u00e1rok mindenkit szeretettel! :) &lt;3</p>", "is_palota_nails_artist": false, "is_only_student": false, "address": "Hamarosan", "has_profile_image": true, "started_year": 2012, "qualifications": "K\u00e9z\u00e1pol\u00f3 \u00e9s m\u0171k\u00f6m\u00e9p\u00edt\u0151 OKJ\nL\u00e1b\u00e1pol\u00f3 OKJ (ebben jelenleg nem dolgozom)", "awards": "", "is_instructor": false, "instagram_handle": "orsolya_nails", "facebook_url": "https://www.facebook.com/people", "tiktok_handle": "", "website_url": "", "services_offered": "16 \u00e9v tapasztalat", "languages": "Magyar", "wheelchair_accessible": false, "average_rating": 0.0, "rating_count": 0, "latitude": 0.0, "longitude": 0.0, "price_list": [], "price_list_image": false, "price_list_json": false, "ratings": [], "promotions": []}, "product": false, "nail_artist": {"id": 1291, "name": "Rad\u00f3 Orsolya", "url": "/kormos/rado-orsolya-1291", "image": "/web/image/nail.artist/1291/image/300x300", "other_images": ["/web/image?model=nail.artist.images&field=image&id=4470", "/web/image?model=nail.artist.images&field=image&id=4469", "/web/image?model=nail.artist.images&field=image&id=4468", "/web/image?model=nail.artist.images&field=image&id=4466", "/web/image?model=nail.artist.images&field=image&id=4464", "/web/image?model=nail.artist.images&field=image&id=4409", "/web/image?model=nail.artist.images&field=image&id=4408", "/web/image?model=nail.artist.images&field=image&id=4406", "/web/image?model=nail.artist.images&field=image&id=4405", "/web/image?model=nail.artist.images&field=image&id=4404", "/web/image?model=nail.artist.images&field=image&id=4400"], "city": "Zalaegerszeg", "megye": "Zala", "email": "orsolya.rado@gmail.com", "phone": "+36/709407215", "description": "<p>Sziasztok Rad\u00f3 Orsolya vagyok, k\u00f6zel 16 \u00e9ve ismerkedtem meg ezzel a szakm\u00e1val, majd ezt k\u00f6vet\u0151en r\u00f6vid id\u0151n bel\u00fcl el is v\u00e9geztem a k\u00e9z\u00e1pol\u00f3 \u00e9s m\u0171k\u00f6r\u00f6m \u00e9p\u00edt\u0151 OKJ-s tanfolyamot. \nEls\u0151 sorban zsel\u00e9vel dolgozom XS-M m\u00e9retig bez\u00e1r\u00f3lag valamint modern g\u00e9llakkoz\u00e1ssal.\nEr\u0151ss\u00e9gem, \u00e9s egyben a kedvenceim a letisztult egyszer\u0171 d\u00edsz\u00edt\u00e9sek, babyboomer \u00e9s a francia k\u00f6rm\u00f6k.\nA munk\u00e1mban a gyorsas\u00e1g, kisz\u00e1m\u00edthat\u00f3s\u00e1g, pontoss\u00e1g \u00e9s precizit\u00e1s nagyon fontos.\nC\u00e9lom, hogy vend\u00e9geim tart\u00f3s, ig\u00e9nyes \u00e9s megb\u00edzhat\u00f3 min\u0151s\u00e9g\u0171 k\u00f6rm\u00f6kkel t\u00e1vozzanak, minden alkalommal.\nV\u00e1rok mindenkit szeretettel! :) &lt;3</p>", "is_palota_nails_artist": false, "is_only_student": false, "address": "Hamarosan", "has_profile_image": true, "started_year": 2012, "qualifications": "K\u00e9z\u00e1pol\u00f3 \u00e9s m\u0171k\u00f6m\u00e9p\u00edt\u0151 OKJ\nL\u00e1b\u00e1pol\u00f3 OKJ (ebben jelenleg nem dolgozom)", "awards": "", "is_instructor": false, "instagram_handle": "orsolya_nails", "facebook_url": "https://www.facebook.com/people", "tiktok_handle": "", "website_url": "", "services_offered": "16 \u00e9v tapasztalat", "languages": "Magyar", "wheelchair_accessible": false, "average_rating": 0.0, "rating_count": 0, "latitude": 0.0, "longitude": 0.0, "price_list": [], "price_list_image": false, "price_list_json": false, "ratings": [], "promotions": []}}