{"main_object": {"id": 115, "name": "P\u00e9rcsi Adrienn", "url": "/kormos/percsi-adrienn-115", "image": "/web/image/nail.artist/115/image/300x300", "other_images": ["/web/image?model=nail.artist.images&field=image&id=521", "/web/image?model=nail.artist.images&field=image&id=520", "/web/image?model=nail.artist.images&field=image&id=519", "/web/image?model=nail.artist.images&field=image&id=518", "/web/image?model=nail.artist.images&field=image&id=517", "/web/image?model=nail.artist.images&field=image&id=516", "/web/image?model=nail.artist.images&field=image&id=515", "/web/image?model=nail.artist.images&field=image&id=514", "/web/image?model=nail.artist.images&field=image&id=513", "/web/image?model=nail.artist.images&field=image&id=512", "/web/image?model=nail.artist.images&field=image&id=511", "/web/image?model=nail.artist.images&field=image&id=510", "/web/image?model=nail.artist.images&field=image&id=509", "/web/image?model=nail.artist.images&field=image&id=508", "/web/image?model=nail.artist.images&field=image&id=507", "/web/image?model=nail.artist.images&field=image&id=506", "/web/image?model=nail.artist.images&field=image&id=505", "/web/image?model=nail.artist.images&field=image&id=504", "/web/image?model=nail.artist.images&field=image&id=503", "/web/image?model=nail.artist.images&field=image&id=502"], "city": "Kis\u00fajsz\u00e1ll\u00e1s", "megye": "J\u00e1sz-Nagykun-Szolnok", "email": false, "phone": "06309681032", "description": "<p>Sziasztok!\u00a0</p><p>P\u00e9rcsi Adrienn vagyok, soksok \u00e9ve a szakma szerelmese. 2013-ban grafikus k\u00e9pes\u00edt\u00e9st szereztem,2014-ben v\u00e8geztem el a k\u00f6rm\u00f6s szakm\u00e1t, 2017 \u00f3ta f\u0151\u00e1ll\u00e1sban dolgozom benne, fontosnak tartom a trendek k\u00f6vet\u00e9s\u00e9t \u00e9s a folyamatos fejl\u0151d\u00e9st. 2019-ben szakoktat\u00f3i min\u0151s\u00edt\u00e9st szereztem, kiscsoportos \u00e9s egy\u00e9ni k\u00e9pz\u00e9sekre v\u00e1rom szeretettel a fejl\u0151dni v\u00e1gy\u00f3 koll\u00e9g\u00e1imat. \u00a0</p>", "is_palota_nails_artist": false, "is_only_student": false, "address": "M\u00f3ricz Zsigmond u. 31.", "has_profile_image": true, "started_year": 0, "qualifications": "", "awards": "", "is_instructor": false, "instagram_handle": "", "facebook_url": "", "tiktok_handle": "", "website_url": "", "services_offered": "", "languages": "Magyar", "wheelchair_accessible": false, "average_rating": 0.0, "rating_count": 0, "latitude": 0.0, "longitude": 0.0, "price_list": [], "price_list_image": false, "price_list_json": false, "ratings": [], "promotions": []}, "product": false, "nail_artist": {"id": 115, "name": "P\u00e9rcsi Adrienn", "url": "/kormos/percsi-adrienn-115", "image": "/web/image/nail.artist/115/image/300x300", "other_images": ["/web/image?model=nail.artist.images&field=image&id=521", "/web/image?model=nail.artist.images&field=image&id=520", "/web/image?model=nail.artist.images&field=image&id=519", "/web/image?model=nail.artist.images&field=image&id=518", "/web/image?model=nail.artist.images&field=image&id=517", "/web/image?model=nail.artist.images&field=image&id=516", "/web/image?model=nail.artist.images&field=image&id=515", "/web/image?model=nail.artist.images&field=image&id=514", "/web/image?model=nail.artist.images&field=image&id=513", "/web/image?model=nail.artist.images&field=image&id=512", "/web/image?model=nail.artist.images&field=image&id=511", "/web/image?model=nail.artist.images&field=image&id=510", "/web/image?model=nail.artist.images&field=image&id=509", "/web/image?model=nail.artist.images&field=image&id=508", "/web/image?model=nail.artist.images&field=image&id=507", "/web/image?model=nail.artist.images&field=image&id=506", "/web/image?model=nail.artist.images&field=image&id=505", "/web/image?model=nail.artist.images&field=image&id=504", "/web/image?model=nail.artist.images&field=image&id=503", "/web/image?model=nail.artist.images&field=image&id=502"], "city": "Kis\u00fajsz\u00e1ll\u00e1s", "megye": "J\u00e1sz-Nagykun-Szolnok", "email": false, "phone": "06309681032", "description": "<p>Sziasztok!\u00a0</p><p>P\u00e9rcsi Adrienn vagyok, soksok \u00e9ve a szakma szerelmese. 2013-ban grafikus k\u00e9pes\u00edt\u00e9st szereztem,2014-ben v\u00e8geztem el a k\u00f6rm\u00f6s szakm\u00e1t, 2017 \u00f3ta f\u0151\u00e1ll\u00e1sban dolgozom benne, fontosnak tartom a trendek k\u00f6vet\u00e9s\u00e9t \u00e9s a folyamatos fejl\u0151d\u00e9st. 2019-ben szakoktat\u00f3i min\u0151s\u00edt\u00e9st szereztem, kiscsoportos \u00e9s egy\u00e9ni k\u00e9pz\u00e9sekre v\u00e1rom szeretettel a fejl\u0151dni v\u00e1gy\u00f3 koll\u00e9g\u00e1imat. \u00a0</p>", "is_palota_nails_artist": false, "is_only_student": false, "address": "M\u00f3ricz Zsigmond u. 31.", "has_profile_image": true, "started_year": 0, "qualifications": "", "awards": "", "is_instructor": false, "instagram_handle": "", "facebook_url": "", "tiktok_handle": "", "website_url": "", "services_offered": "", "languages": "Magyar", "wheelchair_accessible": false, "average_rating": 0.0, "rating_count": 0, "latitude": 0.0, "longitude": 0.0, "price_list": [], "price_list_image": false, "price_list_json": false, "ratings": [], "promotions": []}}