{"main_object": {"id": 956, "name": "Papp Em\u0151ke ", "url": "/kormos/papp-emoke-956", "image": "/images/kormos_placeholder.png", "other_images": ["/web/image?model=nail.artist.images&field=image&id=2171"], "city": "P\u00e1ty", "megye": "Pest", "email": false, "phone": "06205767399", "description": "<p>Kedves leend\u0151 vend\u00e9geim! \nNagy szeretettel v\u00e1rlak Benneteket. Munk\u00e1m sor\u00e1n nagy hangs\u00falyt fektetek a manik\u0171rre,mert a g\u00e9l lakkoz\u00e1s legfontosabb l\u00e9p\u00e9se a prec\u00edz manik\u0171r.\nV\u00e1rlak sok szeretettel m\u0171k\u00f6r\u00f6m \u00e9p\u00edt\u00e9sre,t\u00f6lt\u00e9sre, er\u0151s\u00edtett g\u00e9llakra, alapos pedik\u0171rre \u00e9s g\u00e9llakoz\u00e1sra \ud83e\udd17\n\nAkinek felkeltettem az \u00e9rdekl\u0151d\u00e9s\u00e9t priv\u00e1t \u00fczenetben van lehet\u0151s\u00e9g  id\u0151pontot foglalni\u2757\ufe0f\ud83d\udc85\nBejelentkez\u00e9s \u260e\ufe0f06/20 5767-399\n</p>", "is_palota_nails_artist": false, "is_only_student": false, "address": "F\u00fczespatak utca 11.", "has_profile_image": false, "started_year": 0, "qualifications": "", "awards": "", "is_instructor": false, "instagram_handle": "", "facebook_url": "", "tiktok_handle": "", "website_url": "", "services_offered": "", "languages": "Magyar", "wheelchair_accessible": false, "average_rating": 0.0, "rating_count": 0, "latitude": 0.0, "longitude": 0.0, "price_list": [], "price_list_image": false, "price_list_json": false, "ratings": [], "promotions": []}, "product": false, "nail_artist": {"id": 956, "name": "Papp Em\u0151ke ", "url": "/kormos/papp-emoke-956", "image": "/images/kormos_placeholder.png", "other_images": ["/web/image?model=nail.artist.images&field=image&id=2171"], "city": "P\u00e1ty", "megye": "Pest", "email": false, "phone": "06205767399", "description": "<p>Kedves leend\u0151 vend\u00e9geim! \nNagy szeretettel v\u00e1rlak Benneteket. Munk\u00e1m sor\u00e1n nagy hangs\u00falyt fektetek a manik\u0171rre,mert a g\u00e9l lakkoz\u00e1s legfontosabb l\u00e9p\u00e9se a prec\u00edz manik\u0171r.\nV\u00e1rlak sok szeretettel m\u0171k\u00f6r\u00f6m \u00e9p\u00edt\u00e9sre,t\u00f6lt\u00e9sre, er\u0151s\u00edtett g\u00e9llakra, alapos pedik\u0171rre \u00e9s g\u00e9llakoz\u00e1sra \ud83e\udd17\n\nAkinek felkeltettem az \u00e9rdekl\u0151d\u00e9s\u00e9t priv\u00e1t \u00fczenetben van lehet\u0151s\u00e9g  id\u0151pontot foglalni\u2757\ufe0f\ud83d\udc85\nBejelentkez\u00e9s \u260e\ufe0f06/20 5767-399\n</p>", "is_palota_nails_artist": false, "is_only_student": false, "address": "F\u00fczespatak utca 11.", "has_profile_image": false, "started_year": 0, "qualifications": "", "awards": "", "is_instructor": false, "instagram_handle": "", "facebook_url": "", "tiktok_handle": "", "website_url": "", "services_offered": "", "languages": "Magyar", "wheelchair_accessible": false, "average_rating": 0.0, "rating_count": 0, "latitude": 0.0, "longitude": 0.0, "price_list": [], "price_list_image": false, "price_list_json": false, "ratings": [], "promotions": []}}