{"main_object": {"id": 1106, "name": "Orosz Kata", "url": "/kormos/orosz-kata-1106", "image": "/images/kormos_placeholder.png", "other_images": ["/web/image?model=nail.artist.images&field=image&id=3560", "/web/image?model=nail.artist.images&field=image&id=3559", "/web/image?model=nail.artist.images&field=image&id=3558"], "city": "F\u00f3t", "megye": "Pest", "email": "", "phone": "x", "description": "<p>Kezd\u0151, de lelkes szakember vagyok, szeretek k\u00eds\u00e9rletezni. A k\u00e9peimen a gyakorlati \u00f3r\u00e1k alatt k\u00e9sz\u00fclt k\u00f6rm\u00f6k l\u00e1that\u00f3ak, igyekszem friss\u00edteni a vizsga ut\u00e1ni munk\u00e1immal is a gal\u00e9ri\u00e1t. </p>", "is_palota_nails_artist": false, "is_only_student": false, "address": "x", "has_profile_image": false, "started_year": 2024, "qualifications": "A Perfect Nails Academyn kezdtem a tanulm\u00e1nyaimat 2024 febru\u00e1rban \u00e9s a Beauty&Nailsn\u00e9l tettem sikeres vizsg\u00e1t.", "awards": "", "is_instructor": false, "instagram_handle": "", "facebook_url": "", "tiktok_handle": "", "website_url": "", "services_offered": "A legt\u00f6bb gyakorlatom g\u00e9llakkban \u00e9s er\u0151s\u00edtett g\u00e9llakkban van, de sz\u00edvesen \u00e9p\u00edtek zsel\u00e9vel \u00e9s polyacrillal is. D\u00edsz\u00edt\u00e9s ter\u00e9n m\u00e9g nagyon egyszer\u0171 \u00e9s nem t\u00fal kiforrott a st\u00edlusom, de nagyon szeretek apr\u00f3l\u00e9kos k\u00e9peket \u00e9s mint\u00e1kat festeni.", "languages": "Magyar, angol", "wheelchair_accessible": false, "average_rating": 0.0, "rating_count": 0, "latitude": 0.0, "longitude": 0.0, "price_list": [], "price_list_image": false, "price_list_json": false, "ratings": [], "promotions": []}, "product": false, "nail_artist": {"id": 1106, "name": "Orosz Kata", "url": "/kormos/orosz-kata-1106", "image": "/images/kormos_placeholder.png", "other_images": ["/web/image?model=nail.artist.images&field=image&id=3560", "/web/image?model=nail.artist.images&field=image&id=3559", "/web/image?model=nail.artist.images&field=image&id=3558"], "city": "F\u00f3t", "megye": "Pest", "email": "", "phone": "x", "description": "<p>Kezd\u0151, de lelkes szakember vagyok, szeretek k\u00eds\u00e9rletezni. A k\u00e9peimen a gyakorlati \u00f3r\u00e1k alatt k\u00e9sz\u00fclt k\u00f6rm\u00f6k l\u00e1that\u00f3ak, igyekszem friss\u00edteni a vizsga ut\u00e1ni munk\u00e1immal is a gal\u00e9ri\u00e1t. </p>", "is_palota_nails_artist": false, "is_only_student": false, "address": "x", "has_profile_image": false, "started_year": 2024, "qualifications": "A Perfect Nails Academyn kezdtem a tanulm\u00e1nyaimat 2024 febru\u00e1rban \u00e9s a Beauty&Nailsn\u00e9l tettem sikeres vizsg\u00e1t.", "awards": "", "is_instructor": false, "instagram_handle": "", "facebook_url": "", "tiktok_handle": "", "website_url": "", "services_offered": "A legt\u00f6bb gyakorlatom g\u00e9llakkban \u00e9s er\u0151s\u00edtett g\u00e9llakkban van, de sz\u00edvesen \u00e9p\u00edtek zsel\u00e9vel \u00e9s polyacrillal is. D\u00edsz\u00edt\u00e9s ter\u00e9n m\u00e9g nagyon egyszer\u0171 \u00e9s nem t\u00fal kiforrott a st\u00edlusom, de nagyon szeretek apr\u00f3l\u00e9kos k\u00e9peket \u00e9s mint\u00e1kat festeni.", "languages": "Magyar, angol", "wheelchair_accessible": false, "average_rating": 0.0, "rating_count": 0, "latitude": 0.0, "longitude": 0.0, "price_list": [], "price_list_image": false, "price_list_json": false, "ratings": [], "promotions": []}}