{"main_object": {"id": 1176, "name": "Nagyn\u00e9 Ko\u00f3s Ildil\u00f3", "url": "/kormos/nagyne-koos-ildilo-1176", "image": "/images/kormos_placeholder.png", "other_images": ["/web/image?model=nail.artist.images&field=image&id=2853", "/web/image?model=nail.artist.images&field=image&id=2852", "/web/image?model=nail.artist.images&field=image&id=2847", "/web/image?model=nail.artist.images&field=image&id=2846", "/web/image?model=nail.artist.images&field=image&id=2845"], "city": "Tiszapalkonya", "megye": "Borsod-Aba\u00faj-Zempl\u00e9n", "email": "koosildiko2@gmail.com", "phone": "+36302192790", "description": "<p>Kedves L\u00e1togat\u00f3!\n\nAz \u00e9n nevem Ildik\u00f3 Nagyn\u00e9 Ko\u00f3s , \u00e9s \u00e9n vagyok a Icon Nails Salon alap\u00edt\u00f3ja.\n\nMindig is szerettem az eszt\u00e9tik\u00e1t, a r\u00e9szletekre val\u00f3 odafigyel\u00e9st \u00e9s azt a var\u00e1zslatos pillanatot, amikor egy \u00fcgyfelem arckifejez\u00e9s\u00e9n l\u00e1tom az \u00f6r\u00f6m\u00f6t egy frissen k\u00e9sz\u00fclt, gy\u00f6ny\u00f6r\u0171 k\u00f6r\u00f6m l\u00e1tv\u00e1ny\u00e1t\u00f3l. Sz\u00e1momra a m\u0171k\u00f6rm\u00f6z\u00e9s nemcsak szakma, hanem szenved\u00e9ly. Egy m\u00f3dja annak, hogy kiemeljem egy n\u0151 egyedis\u00e9g\u00e9t \u00e9s n\u0151iess\u00e9g\u00e9t.\n\nAmi\u00e9rt n\u00e1lam v\u00e1lassz:\n\n\u00b7 Min\u0151s\u00e9g \u00e9s precizit\u00e1s:\nKiz\u00e1r\u00f3lag professzion\u00e1lis, biztons\u00e1gos anyagokkal dolgozom, \u00e9s minden egyes k\u00f6r\u00f6mre ugyanazzal a odafigyel\u00e9ssel \u00e9s szeretettel k\u00e9sz\u00fcl\u00f6k.\n\n\u00b7 St\u00edlus \u00e9s egyedis\u00e9g:\n Nem csak k\u00f6vetem a leg\u00fajabb trendeket, hanem veled egy\u00fctt tervezem meg a sz\u00e1modra t\u00f6k\u00e9letes form\u00e1t, sz\u00ednt \u00e9s mint\u00e1t, hogy az a te st\u00edlusodat t\u00fckr\u00f6zze.\n\n\u00b7 Hangulat \u00e9s k\u00e9nyelem: \nA szalonban arra t\u00f6rekszem, hogy egy meleg, bar\u00e1ts\u00e1gos \u00e9s kellemes l\u00e9gk\u00f6rben pihenhes egy kicsit, mik\u00f6zben a k\u00f6rmeiden dolgozom. Itt te \u00e9s a sz\u00e9ps\u00e9ged \u00e1ltok a k\u00f6z\u00e9ppontban.\n\nTanulm\u00e1nyaimat a K\u00f6rm\u00f6stanoda oktat\u00e1si keretei k\u00f6z\u00f6tt fejeztem be 2022-ben \u00e9s az\u00f3ta is folyamatosan k\u00e9pezem magam, hogy a legmodernebb technik\u00e1kat \u00e9s trendeket tudjam Neked k\u00edn\u00e1lni.\n\nHiszem, hogy a sz\u00e9ps\u00e9gszolg\u00e1ltat\u00e1s legfontosabb alapk\u00f6ve a bizalom. Ez\u00e9rt v\u00e1rom, hogy bar\u00e1tokk\u00e9nt t\u00e1vozz a szalonb\u00f3l, egy csod\u00e1s manik\u0171rrel \u00e9s egy mosollyal az arcodon.\n\nV\u00e1rlak szeretettel az Icon Nails-ben\n\nSzeretettel:\nNagyn\u00e9 Ko\u00f3s Ildik\u00f3</p>", "is_palota_nails_artist": false, "is_only_student": false, "address": "R\u00e1k\u00f3czi \u00fat", "has_profile_image": false, "started_year": 2022, "qualifications": "", "awards": "", "is_instructor": false, "instagram_handle": "", "facebook_url": "https://www.facebook.com/icon.nails.2025", "tiktok_handle": "", "website_url": "", "services_offered": "", "languages": "Magyar", "wheelchair_accessible": false, "average_rating": 0.0, "rating_count": 0, "latitude": 0.0, "longitude": 0.0, "price_list": [], "price_list_image": false, "price_list_json": false, "ratings": [], "promotions": []}, "product": false, "nail_artist": {"id": 1176, "name": "Nagyn\u00e9 Ko\u00f3s Ildil\u00f3", "url": "/kormos/nagyne-koos-ildilo-1176", "image": "/images/kormos_placeholder.png", "other_images": ["/web/image?model=nail.artist.images&field=image&id=2853", "/web/image?model=nail.artist.images&field=image&id=2852", "/web/image?model=nail.artist.images&field=image&id=2847", "/web/image?model=nail.artist.images&field=image&id=2846", "/web/image?model=nail.artist.images&field=image&id=2845"], "city": "Tiszapalkonya", "megye": "Borsod-Aba\u00faj-Zempl\u00e9n", "email": "koosildiko2@gmail.com", "phone": "+36302192790", "description": "<p>Kedves L\u00e1togat\u00f3!\n\nAz \u00e9n nevem Ildik\u00f3 Nagyn\u00e9 Ko\u00f3s , \u00e9s \u00e9n vagyok a Icon Nails Salon alap\u00edt\u00f3ja.\n\nMindig is szerettem az eszt\u00e9tik\u00e1t, a r\u00e9szletekre val\u00f3 odafigyel\u00e9st \u00e9s azt a var\u00e1zslatos pillanatot, amikor egy \u00fcgyfelem arckifejez\u00e9s\u00e9n l\u00e1tom az \u00f6r\u00f6m\u00f6t egy frissen k\u00e9sz\u00fclt, gy\u00f6ny\u00f6r\u0171 k\u00f6r\u00f6m l\u00e1tv\u00e1ny\u00e1t\u00f3l. Sz\u00e1momra a m\u0171k\u00f6rm\u00f6z\u00e9s nemcsak szakma, hanem szenved\u00e9ly. Egy m\u00f3dja annak, hogy kiemeljem egy n\u0151 egyedis\u00e9g\u00e9t \u00e9s n\u0151iess\u00e9g\u00e9t.\n\nAmi\u00e9rt n\u00e1lam v\u00e1lassz:\n\n\u00b7 Min\u0151s\u00e9g \u00e9s precizit\u00e1s:\nKiz\u00e1r\u00f3lag professzion\u00e1lis, biztons\u00e1gos anyagokkal dolgozom, \u00e9s minden egyes k\u00f6r\u00f6mre ugyanazzal a odafigyel\u00e9ssel \u00e9s szeretettel k\u00e9sz\u00fcl\u00f6k.\n\n\u00b7 St\u00edlus \u00e9s egyedis\u00e9g:\n Nem csak k\u00f6vetem a leg\u00fajabb trendeket, hanem veled egy\u00fctt tervezem meg a sz\u00e1modra t\u00f6k\u00e9letes form\u00e1t, sz\u00ednt \u00e9s mint\u00e1t, hogy az a te st\u00edlusodat t\u00fckr\u00f6zze.\n\n\u00b7 Hangulat \u00e9s k\u00e9nyelem: \nA szalonban arra t\u00f6rekszem, hogy egy meleg, bar\u00e1ts\u00e1gos \u00e9s kellemes l\u00e9gk\u00f6rben pihenhes egy kicsit, mik\u00f6zben a k\u00f6rmeiden dolgozom. Itt te \u00e9s a sz\u00e9ps\u00e9ged \u00e1ltok a k\u00f6z\u00e9ppontban.\n\nTanulm\u00e1nyaimat a K\u00f6rm\u00f6stanoda oktat\u00e1si keretei k\u00f6z\u00f6tt fejeztem be 2022-ben \u00e9s az\u00f3ta is folyamatosan k\u00e9pezem magam, hogy a legmodernebb technik\u00e1kat \u00e9s trendeket tudjam Neked k\u00edn\u00e1lni.\n\nHiszem, hogy a sz\u00e9ps\u00e9gszolg\u00e1ltat\u00e1s legfontosabb alapk\u00f6ve a bizalom. Ez\u00e9rt v\u00e1rom, hogy bar\u00e1tokk\u00e9nt t\u00e1vozz a szalonb\u00f3l, egy csod\u00e1s manik\u0171rrel \u00e9s egy mosollyal az arcodon.\n\nV\u00e1rlak szeretettel az Icon Nails-ben\n\nSzeretettel:\nNagyn\u00e9 Ko\u00f3s Ildik\u00f3</p>", "is_palota_nails_artist": false, "is_only_student": false, "address": "R\u00e1k\u00f3czi \u00fat", "has_profile_image": false, "started_year": 2022, "qualifications": "", "awards": "", "is_instructor": false, "instagram_handle": "", "facebook_url": "https://www.facebook.com/icon.nails.2025", "tiktok_handle": "", "website_url": "", "services_offered": "", "languages": "Magyar", "wheelchair_accessible": false, "average_rating": 0.0, "rating_count": 0, "latitude": 0.0, "longitude": 0.0, "price_list": [], "price_list_image": false, "price_list_json": false, "ratings": [], "promotions": []}}