{"main_object": {"id": 401, "name": "Mik\u00f3n\u00e9 Bakos Katalin", "url": "/kormos/mikone-bakos-katalin-401", "image": "/web/image/nail.artist/401/image/300x300", "other_images": ["/web/image?model=nail.artist.images&field=image&id=1477", "/web/image?model=nail.artist.images&field=image&id=1476", "/web/image?model=nail.artist.images&field=image&id=1475", "/web/image?model=nail.artist.images&field=image&id=1474", "/web/image?model=nail.artist.images&field=image&id=1473", "/web/image?model=nail.artist.images&field=image&id=1472", "/web/image?model=nail.artist.images&field=image&id=1471", "/web/image?model=nail.artist.images&field=image&id=1470"], "city": "Ercsi", "megye": "Fej\u00e9r", "email": false, "phone": "06301754557", "description": "<p>\u00dcdv\u00f6z\u00f6llek!\n3 \u00e9ve dolgozom akt\u00edvan m\u0171k\u00f6r\u00f6m \u00e9p\u00edt\u0151k\u00e9nt,2 \u00e9ve pedig pedik\u0171r\u00f6sk\u00e9nt m\u00e1sodik tev\u00e9kenys\u00e9gem.\nSzeretem \u00e9s elk\u00f6telezettje vagyok a szakm\u00e1knak.Munk\u00e1mra ig\u00e9nyes \u00e9s prec\u00edz vagyok.\nSzeretem a kih\u00edv\u00e1sokat, az embereket.Szeretek tanulni,fejl\u0151dni hiszen maga a szakma is folyamatosan fejl\u0151dik.</p>", "is_palota_nails_artist": false, "is_only_student": false, "address": "Duna sor 17", "has_profile_image": true, "started_year": 0, "qualifications": "", "awards": "", "is_instructor": false, "instagram_handle": "", "facebook_url": "", "tiktok_handle": "", "website_url": "", "services_offered": "", "languages": "Magyar", "wheelchair_accessible": false, "average_rating": 0.0, "rating_count": 0, "latitude": 0.0, "longitude": 0.0, "price_list": [], "price_list_image": false, "price_list_json": false, "ratings": [], "promotions": []}, "product": false, "nail_artist": {"id": 401, "name": "Mik\u00f3n\u00e9 Bakos Katalin", "url": "/kormos/mikone-bakos-katalin-401", "image": "/web/image/nail.artist/401/image/300x300", "other_images": ["/web/image?model=nail.artist.images&field=image&id=1477", "/web/image?model=nail.artist.images&field=image&id=1476", "/web/image?model=nail.artist.images&field=image&id=1475", "/web/image?model=nail.artist.images&field=image&id=1474", "/web/image?model=nail.artist.images&field=image&id=1473", "/web/image?model=nail.artist.images&field=image&id=1472", "/web/image?model=nail.artist.images&field=image&id=1471", "/web/image?model=nail.artist.images&field=image&id=1470"], "city": "Ercsi", "megye": "Fej\u00e9r", "email": false, "phone": "06301754557", "description": "<p>\u00dcdv\u00f6z\u00f6llek!\n3 \u00e9ve dolgozom akt\u00edvan m\u0171k\u00f6r\u00f6m \u00e9p\u00edt\u0151k\u00e9nt,2 \u00e9ve pedig pedik\u0171r\u00f6sk\u00e9nt m\u00e1sodik tev\u00e9kenys\u00e9gem.\nSzeretem \u00e9s elk\u00f6telezettje vagyok a szakm\u00e1knak.Munk\u00e1mra ig\u00e9nyes \u00e9s prec\u00edz vagyok.\nSzeretem a kih\u00edv\u00e1sokat, az embereket.Szeretek tanulni,fejl\u0151dni hiszen maga a szakma is folyamatosan fejl\u0151dik.</p>", "is_palota_nails_artist": false, "is_only_student": false, "address": "Duna sor 17", "has_profile_image": true, "started_year": 0, "qualifications": "", "awards": "", "is_instructor": false, "instagram_handle": "", "facebook_url": "", "tiktok_handle": "", "website_url": "", "services_offered": "", "languages": "Magyar", "wheelchair_accessible": false, "average_rating": 0.0, "rating_count": 0, "latitude": 0.0, "longitude": 0.0, "price_list": [], "price_list_image": false, "price_list_json": false, "ratings": [], "promotions": []}}