{"search": "", "states": [], "pager": {"page_count": 0, "offset": 0, "page": {"num": 1, "url": "/kormosok/megye/aysen-del-gral-carlos-ibanez-del-campo-2593"}, "page_first": {"num": 1, "url": "/kormosok/megye/aysen-del-gral-carlos-ibanez-del-campo-2593"}, "page_last": {"num": 0, "url": "/kormosok/megye/aysen-del-gral-carlos-ibanez-del-campo-2593"}, "page_previous": {"num": 1, "url": "/kormosok/megye/aysen-del-gral-carlos-ibanez-del-campo-2593"}, "page_next": {"num": 0, "url": "/kormosok/megye/aysen-del-gral-carlos-ibanez-del-campo-2593"}, "pages": []}, "artists": [], "search_count": 0, "total_count": 1194, "rows": 4, "ppg": 20, "current_page": 1, "megye": "Ays\u00e9n del Gral. Carlos Ib\u00e1\u00f1ez del Campo"}