{"main_object": {"id": 1197, "name": "Martonosi N\u00f3ra ", "url": "/kormos/martonosi-nora-1197", "image": "/web/image/nail.artist/1197/image/300x300", "other_images": ["/web/image?model=nail.artist.images&field=image&id=3069", "/web/image?model=nail.artist.images&field=image&id=3068", "/web/image?model=nail.artist.images&field=image&id=3067", "/web/image?model=nail.artist.images&field=image&id=3066", "/web/image?model=nail.artist.images&field=image&id=3065", "/web/image?model=nail.artist.images&field=image&id=3064", "/web/image?model=nail.artist.images&field=image&id=3063", "/web/image?model=nail.artist.images&field=image&id=3062", "/web/image?model=nail.artist.images&field=image&id=3061", "/web/image?model=nail.artist.images&field=image&id=3060", "/web/image?model=nail.artist.images&field=image&id=3058", "/web/image?model=nail.artist.images&field=image&id=3057", "/web/image?model=nail.artist.images&field=image&id=3056", "/web/image?model=nail.artist.images&field=image&id=3054", "/web/image?model=nail.artist.images&field=image&id=3053", "/web/image?model=nail.artist.images&field=image&id=3051", "/web/image?model=nail.artist.images&field=image&id=3050", "/web/image?model=nail.artist.images&field=image&id=3049", "/web/image?model=nail.artist.images&field=image&id=3048", "/web/image?model=nail.artist.images&field=image&id=3047"], "city": "H\u00f3dmez\u0151v\u00e1s\u00e1rhely", "megye": "Csongr\u00e1d", "email": "nono790407@gmail.com", "phone": "", "description": "<p>Fontos sz\u00e1modra, hogy k\u00f6rmeid ne csak sz\u00e9pek, de tart\u00f3sak is legyenek? Hogy min\u0151s\u00e9gi alapanyagokkal k\u00e9sz\u00fcljenek? \u00dagy szeretn\u00e9l m\u0171k\u00f6rm\u00f6t viselni, hogy k\u00f6zben saj\u00e1t k\u00f6rmeid is er\u0151sek, eg\u00e9szs\u00e9gesek maradnak? Akkor a legjobb helyen j\u00e1rsz!\n15 \u00e9ves k\u00e9z\u00e1pol\u00f3 \u00e9s m\u0171k\u00f6r\u00f6m \u00e9p\u00edt\u0151 szakmai tapasztalatom mellett eg\u00e9szs\u00e9g\u00fcgyi v\u00e9gzetts\u00e9ggel \u00e9s szaktud\u00e1ssal is rendelkezem. Ha engem v\u00e1lasztasz, biztos lehetsz benne, hogy k\u00f6rmeid megfelel\u0151 higi\u00e9niai k\u00f6r\u00fclm\u00e9nyek k\u00f6z\u00f6tt fognak k\u00e9sz\u00fclni, ha pedig b\u00e1rmilyen elv\u00e1ltoz\u00e1s, probl\u00e9ma van a k\u00f6rmeiddel, arr\u00f3l t\u00e1j\u00e9koztatni foglak, ill. instru\u00e1llak az esetleges tov\u00e1bbi teend\u0151kr\u0151l.\nK\u00e9rhetsz er\u0151s\u00edtett g\u00e9llakkot, saj\u00e1t k\u00f6r\u00f6m er\u0151s\u00edt\u00e9st zsel\u00e9vel \u00e9s akrylg\u00e9llel ill. \u00e9p\u00edtett m\u0171k\u00f6rm\u00f6t. Minden elk\u00e9pzel\u00e9sed megval\u00f3s\u00edtjuk, legyen az egyedi, k\u00e9zzel festett minta vagy 3D d\u00edsz\u00edt\u00e9s.\nHa nem tudod, hogy a te k\u00f6rmeidre mi lenne a legjobb, ne agg\u00f3dj, szakmai tud\u00e1som birtok\u00e1ban ell\u00e1tlak javaslatokkal, tan\u00e1csokkal \u00e9s egy\u00fctt tal\u00e1ljuk meg a sz\u00e1modra legmegfelel\u0151bb anyagot, technik\u00e1t, d\u00edsz\u00edt\u00e9st!\nAmennyiben nem szeretn\u00e9l m\u0171k\u00f6rm\u00f6t, csak term\u00e9szetes k\u00f6rmeid \u00e1polni, er\u0151s\u00edteni, k\u00e9rhetsz jap\u00e1n manik\u0171rt!\nIg\u00e9nybevett, kisz\u00e1radt kezeid \u00e1pol\u00e1s\u00e1ra pedig kipr\u00f3b\u00e1lhatod a paraffinos k\u00e9z\u00e1pol\u00e1st, mellyel kezeid olyanok lesznek, mintha kicser\u00e9lt\u00e9k volna!\nSzeretettel v\u00e1rlak H\u00f3dmez\u0151v\u00e1s\u00e1rhelyen, kellemes hangulatban, otthonos k\u00f6rnyezetben, ingyenes parkol\u00e1ssal.</p>", "is_palota_nails_artist": false, "is_only_student": false, "address": "H\u00f3dt\u00f3 utca ", "has_profile_image": true, "started_year": 2010, "qualifications": "", "awards": "", "is_instructor": false, "instagram_handle": "nail_art_by_nono", "facebook_url": "https://www.facebook.com/nailartbynono", "tiktok_handle": "www.tiktok.com/@nailartbynono", "website_url": "", "services_offered": "Er\u0151s\u00edtett g\u00e9llakk\nSaj\u00e1t k\u00f6r\u00f6m er\u0151s\u00edt\u00e9se zsel\u00e9vel vagy akrylg\u00e9llel\nM\u0171k\u00f6r\u00f6m \u00e9p\u00edt\u00e9s \nManik\u0171r \u00e9s jap\u00e1n manik\u0171r \nParaffinos k\u00e9z\u00e1pol\u00e1s", "languages": "Magyar", "wheelchair_accessible": false, "average_rating": 0.0, "rating_count": 0, "latitude": 0.0, "longitude": 0.0, "price_list": [], "price_list_image": true, "price_list_json": false, "ratings": [], "promotions": []}, "product": false, "nail_artist": {"id": 1197, "name": "Martonosi N\u00f3ra ", "url": "/kormos/martonosi-nora-1197", "image": "/web/image/nail.artist/1197/image/300x300", "other_images": ["/web/image?model=nail.artist.images&field=image&id=3069", "/web/image?model=nail.artist.images&field=image&id=3068", "/web/image?model=nail.artist.images&field=image&id=3067", "/web/image?model=nail.artist.images&field=image&id=3066", "/web/image?model=nail.artist.images&field=image&id=3065", "/web/image?model=nail.artist.images&field=image&id=3064", "/web/image?model=nail.artist.images&field=image&id=3063", "/web/image?model=nail.artist.images&field=image&id=3062", "/web/image?model=nail.artist.images&field=image&id=3061", "/web/image?model=nail.artist.images&field=image&id=3060", "/web/image?model=nail.artist.images&field=image&id=3058", "/web/image?model=nail.artist.images&field=image&id=3057", "/web/image?model=nail.artist.images&field=image&id=3056", "/web/image?model=nail.artist.images&field=image&id=3054", "/web/image?model=nail.artist.images&field=image&id=3053", "/web/image?model=nail.artist.images&field=image&id=3051", "/web/image?model=nail.artist.images&field=image&id=3050", "/web/image?model=nail.artist.images&field=image&id=3049", "/web/image?model=nail.artist.images&field=image&id=3048", "/web/image?model=nail.artist.images&field=image&id=3047"], "city": "H\u00f3dmez\u0151v\u00e1s\u00e1rhely", "megye": "Csongr\u00e1d", "email": "nono790407@gmail.com", "phone": "", "description": "<p>Fontos sz\u00e1modra, hogy k\u00f6rmeid ne csak sz\u00e9pek, de tart\u00f3sak is legyenek? Hogy min\u0151s\u00e9gi alapanyagokkal k\u00e9sz\u00fcljenek? \u00dagy szeretn\u00e9l m\u0171k\u00f6rm\u00f6t viselni, hogy k\u00f6zben saj\u00e1t k\u00f6rmeid is er\u0151sek, eg\u00e9szs\u00e9gesek maradnak? Akkor a legjobb helyen j\u00e1rsz!\n15 \u00e9ves k\u00e9z\u00e1pol\u00f3 \u00e9s m\u0171k\u00f6r\u00f6m \u00e9p\u00edt\u0151 szakmai tapasztalatom mellett eg\u00e9szs\u00e9g\u00fcgyi v\u00e9gzetts\u00e9ggel \u00e9s szaktud\u00e1ssal is rendelkezem. Ha engem v\u00e1lasztasz, biztos lehetsz benne, hogy k\u00f6rmeid megfelel\u0151 higi\u00e9niai k\u00f6r\u00fclm\u00e9nyek k\u00f6z\u00f6tt fognak k\u00e9sz\u00fclni, ha pedig b\u00e1rmilyen elv\u00e1ltoz\u00e1s, probl\u00e9ma van a k\u00f6rmeiddel, arr\u00f3l t\u00e1j\u00e9koztatni foglak, ill. instru\u00e1llak az esetleges tov\u00e1bbi teend\u0151kr\u0151l.\nK\u00e9rhetsz er\u0151s\u00edtett g\u00e9llakkot, saj\u00e1t k\u00f6r\u00f6m er\u0151s\u00edt\u00e9st zsel\u00e9vel \u00e9s akrylg\u00e9llel ill. \u00e9p\u00edtett m\u0171k\u00f6rm\u00f6t. Minden elk\u00e9pzel\u00e9sed megval\u00f3s\u00edtjuk, legyen az egyedi, k\u00e9zzel festett minta vagy 3D d\u00edsz\u00edt\u00e9s.\nHa nem tudod, hogy a te k\u00f6rmeidre mi lenne a legjobb, ne agg\u00f3dj, szakmai tud\u00e1som birtok\u00e1ban ell\u00e1tlak javaslatokkal, tan\u00e1csokkal \u00e9s egy\u00fctt tal\u00e1ljuk meg a sz\u00e1modra legmegfelel\u0151bb anyagot, technik\u00e1t, d\u00edsz\u00edt\u00e9st!\nAmennyiben nem szeretn\u00e9l m\u0171k\u00f6rm\u00f6t, csak term\u00e9szetes k\u00f6rmeid \u00e1polni, er\u0151s\u00edteni, k\u00e9rhetsz jap\u00e1n manik\u0171rt!\nIg\u00e9nybevett, kisz\u00e1radt kezeid \u00e1pol\u00e1s\u00e1ra pedig kipr\u00f3b\u00e1lhatod a paraffinos k\u00e9z\u00e1pol\u00e1st, mellyel kezeid olyanok lesznek, mintha kicser\u00e9lt\u00e9k volna!\nSzeretettel v\u00e1rlak H\u00f3dmez\u0151v\u00e1s\u00e1rhelyen, kellemes hangulatban, otthonos k\u00f6rnyezetben, ingyenes parkol\u00e1ssal.</p>", "is_palota_nails_artist": false, "is_only_student": false, "address": "H\u00f3dt\u00f3 utca ", "has_profile_image": true, "started_year": 2010, "qualifications": "", "awards": "", "is_instructor": false, "instagram_handle": "nail_art_by_nono", "facebook_url": "https://www.facebook.com/nailartbynono", "tiktok_handle": "www.tiktok.com/@nailartbynono", "website_url": "", "services_offered": "Er\u0151s\u00edtett g\u00e9llakk\nSaj\u00e1t k\u00f6r\u00f6m er\u0151s\u00edt\u00e9se zsel\u00e9vel vagy akrylg\u00e9llel\nM\u0171k\u00f6r\u00f6m \u00e9p\u00edt\u00e9s \nManik\u0171r \u00e9s jap\u00e1n manik\u0171r \nParaffinos k\u00e9z\u00e1pol\u00e1s", "languages": "Magyar", "wheelchair_accessible": false, "average_rating": 0.0, "rating_count": 0, "latitude": 0.0, "longitude": 0.0, "price_list": [], "price_list_image": true, "price_list_json": false, "ratings": [], "promotions": []}}