{"main_object": {"id": 346, "name": "Machon Melinda", "url": "/kormos/machon-melinda-346", "image": "/web/image/nail.artist/346/image/300x300", "other_images": ["/web/image?model=nail.artist.images&field=image&id=3481", "/web/image?model=nail.artist.images&field=image&id=3480", "/web/image?model=nail.artist.images&field=image&id=3479", "/web/image?model=nail.artist.images&field=image&id=3478", "/web/image?model=nail.artist.images&field=image&id=3476", "/web/image?model=nail.artist.images&field=image&id=3474", "/web/image?model=nail.artist.images&field=image&id=3473", "/web/image?model=nail.artist.images&field=image&id=3472", "/web/image?model=nail.artist.images&field=image&id=3471", "/web/image?model=nail.artist.images&field=image&id=1396", "/web/image?model=nail.artist.images&field=image&id=1395", "/web/image?model=nail.artist.images&field=image&id=1394", "/web/image?model=nail.artist.images&field=image&id=1393", "/web/image?model=nail.artist.images&field=image&id=1392"], "city": "Budapest 02. ker.", "megye": "f\u00f5v\u00e1ros", "email": "info@mukorombudan.hu", "phone": "+36303907254", "description": "<p>Machon Melinda vagyok. Szoci\u00e1lpolitikus,  2010 \u0151sz\u00e9t\u0151l k\u00e9z \u00e9s l\u00e1b\u00e1pol\u00f3 m\u0171k\u00f6r\u00f6m\u00e9p\u00edt\u0151, 2012 m\u00e1jus\u00e1t\u00f3l pedig az Illusion K\u00f6r\u00f6mszalon meg\u00e1lmod\u00f3ja \u00e9s megval\u00f3s\u00edt\u00f3ja!\n\nEngedd meg, hogy bemutassam az els\u0151 \u201cgyerek\u00fcnket\u201d!\n\n\u00c9n is mint sokan m\u00e1sok akik ezt a gy\u00f6ny\u00f6r\u0171 szakm\u00e1t v\u00e1lasztott\u00e1k, m\u00e1r kisl\u00e1ny korom \u00f3ta a k\u00f6rm\u00f6k, csill\u00e1mok \u00e9s strasszok b\u0171v\u00f6let\u00e9ben \u00e9ltem. Szerettem mindent ami szines csillog\u00f3 \u00e9s igaz\u00e1n n\u0151cis volt.\nGimn\u00e1zium ut\u00e1n - sokakkal ellent\u00e9tben \u00e9n nem egyb\u0151l a szakiskol\u00e1ban landoltam -felv\u00e9telt nyertem az ELTE T\u00e1rsadalomtudom\u00e1nyi Kar\u00e1ra ahol szoci\u00e1lpolitikusk\u00e9nt 2008 nyar\u00e1n le is diplom\u00e1ztam. Im\u00e1dom az \"eredeti\" szakm\u00e1mat, \u00e9s vallom, hogy n\u00e9lk\u00fcle nem lenn\u00e9k ma az aki vagyok. Nagyon sokat form\u00e1lt rajtam \u00e9s a mai napig h\u00e1l\u00e1s vagyok a sorsnak ez\u00e9rt a vargabet\u0171\u00e9rt az \u00e9letemben.\nMiut\u00e1n lediplom\u00e1ztam, a Nemzetv\u00e9delmi egyetemen kezdtem dolgozni. Itt ny\u00edlt lehet\u0151s\u00e9gem r\u00e1, hogy a mindenkor \u00e1h\u00edtott \u00e1lomszakm\u00e1t v\u00e9gre megszerezhessem. Szerencs\u00e9mre \u00e9ppen akkor ind\u00edtottak egy k\u00e9pz\u00e9st a Crystal Nailsn\u00e9l \u00e9s m\u00e9g pont be f\u00e9rtem a csoportba. 2010 november\u00e9re k\u00fcl\u00f6n dics\u00e9retben r\u00e9szes\u00edtse \u00e1tvehettem a jeles eredm\u00e9ny\u0171 okjs bizony\u00edtv\u00e1nyomat. Hihetetlen \u00f6r\u00f6m volt. \u00d6r\u00fcltem, mert tudtam, hogy ez a bizony\u00edtv\u00e1ny \u00e9s szaktud\u00e1s b\u00e1rmikor j\u00f3l j\u00f6het, aff\u00e9le \u201cB-terv\u201d volt.\nAz \u00e9let hamar \u00fagy hozta, hogy a B-terv el\u0151l\u00e9pett f\u0151 tervv\u00e9. 2011 \u00e9v elej\u00e9n elkezdtem dolgozni az els\u0151 kis szalonban egy icipici kis asztaln\u00e1l a fejmos\u00f3 mellett \u263a\ufe0f\nNagyon izgultam, de szerencs\u00e9re egy igaz\u00e1n t\u00e1mogat\u00f3 koll\u00e9gan\u0151m volt aki nagyon sokat seg\u00edtett az elindul\u00e1sban. \u00c9s nem volt meg\u00e1ll\u00e1s...\n2012-ben az \u00e9let d\u00f6nt\u00e9s el\u00e9 \u00e1ll\u00edtott. A kis szalon ahol dolgoztam megsz\u0171nt, \u00e9s nekem d\u00f6ntenem kellett. Elmegyek \u00fajra \u00e9s asztalt b\u00e9relek valahol vagy ugrom egy hatalmasat \u00e9s belev\u00e1gok a saj\u00e1t \u00fczletbe.\nSok minden sz\u00f3lt ellene m\u00e9gis az ut\u00f3bbi mellett d\u00f6nt\u00f6ttem, amiben nagyon sokat seg\u00edtett a f\u00e9rjem is. Egy\u00fctt k\u00f6z\u00f6sen szerezt\u00fcnk be mindent sz\u00e9pen apr\u00e1nk\u00e9nt k\u00f6z\u00f6sen szerelt\u00fcnk, festett\u00fcnk \u00f6tletelt\u00fcnk, \u00e9s l\u00e9p\u00e9sr\u0151l l\u00e9p\u00e9sre haladtunk folyamatosan forgatva vissza mindig egy kicsivel t\u00f6bbet, hogy egyre szebb \u00e9s jobb legyen a szalon. Emiatt alakult \u00fagy, hogy a Szalont az els\u0151 \u201cgyerek\u00fcnknek\u201c h\u00edvjuk, hiszen k\u00f6z\u00f6sen alkottuk form\u00e1ltuk a f\u00e9rjemmel. \nSok minden zajlott az elm\u00falt \u00e9vek alatt a szalonban, sok remek embert ismerhettem meg, vend\u00e9get \u00e9s koll\u00e9g\u00e1t egyar\u00e1nt. Mindenki tan\u00edtott \u00e9s alak\u00edtott rajtam. \nJelenleg Sz\u0151ke Timi koll\u00e9gan\u0151mmel k\u00f6z\u00f6sen igyeksz\u00fcnk min\u00e9l t\u00f6bb vend\u00e9gnek csod\u00e1latoss\u00e1 var\u00e1zsolni a napj\u00e1t egy egy sz\u00e9p k\u00f6rm\u00f6n \u00e9s j\u00f3 kis l\u00e9lek\u00e1pol\u00e1son kereszt\u00fcl. \nHiszem, hogy n\u00e1lunk Mindenki megtal\u00e1lja a st\u00edlus\u00e1nak megfelel\u0151 k\u00f6rm\u00f6ket, legyen az ak\u00e1r visszafogott \u00e9s klasszikus vagy extr\u00e9m \u00e9s figyelemfelkelt\u0151! </p>", "is_palota_nails_artist": false, "is_only_student": false, "address": "\u00dcr\u00f6mi utca 3.", "has_profile_image": true, "started_year": 2011, "qualifications": "", "awards": "", "is_instructor": false, "instagram_handle": "Illusionsalon", "facebook_url": "https://facebook.com/Illusionkoromszalon", "tiktok_handle": "", "website_url": "www.illusionsalon.hu", "services_offered": "", "languages": "Magyar", "wheelchair_accessible": false, "average_rating": 0.0, "rating_count": 0, "latitude": 0.0, "longitude": 0.0, "price_list": [], "price_list_image": false, "price_list_json": false, "ratings": [], "promotions": []}, "product": false, "nail_artist": {"id": 346, "name": "Machon Melinda", "url": "/kormos/machon-melinda-346", "image": "/web/image/nail.artist/346/image/300x300", "other_images": ["/web/image?model=nail.artist.images&field=image&id=3481", "/web/image?model=nail.artist.images&field=image&id=3480", "/web/image?model=nail.artist.images&field=image&id=3479", "/web/image?model=nail.artist.images&field=image&id=3478", "/web/image?model=nail.artist.images&field=image&id=3476", "/web/image?model=nail.artist.images&field=image&id=3474", "/web/image?model=nail.artist.images&field=image&id=3473", "/web/image?model=nail.artist.images&field=image&id=3472", "/web/image?model=nail.artist.images&field=image&id=3471", "/web/image?model=nail.artist.images&field=image&id=1396", "/web/image?model=nail.artist.images&field=image&id=1395", "/web/image?model=nail.artist.images&field=image&id=1394", "/web/image?model=nail.artist.images&field=image&id=1393", "/web/image?model=nail.artist.images&field=image&id=1392"], "city": "Budapest 02. ker.", "megye": "f\u00f5v\u00e1ros", "email": "info@mukorombudan.hu", "phone": "+36303907254", "description": "<p>Machon Melinda vagyok. Szoci\u00e1lpolitikus,  2010 \u0151sz\u00e9t\u0151l k\u00e9z \u00e9s l\u00e1b\u00e1pol\u00f3 m\u0171k\u00f6r\u00f6m\u00e9p\u00edt\u0151, 2012 m\u00e1jus\u00e1t\u00f3l pedig az Illusion K\u00f6r\u00f6mszalon meg\u00e1lmod\u00f3ja \u00e9s megval\u00f3s\u00edt\u00f3ja!\n\nEngedd meg, hogy bemutassam az els\u0151 \u201cgyerek\u00fcnket\u201d!\n\n\u00c9n is mint sokan m\u00e1sok akik ezt a gy\u00f6ny\u00f6r\u0171 szakm\u00e1t v\u00e1lasztott\u00e1k, m\u00e1r kisl\u00e1ny korom \u00f3ta a k\u00f6rm\u00f6k, csill\u00e1mok \u00e9s strasszok b\u0171v\u00f6let\u00e9ben \u00e9ltem. Szerettem mindent ami szines csillog\u00f3 \u00e9s igaz\u00e1n n\u0151cis volt.\nGimn\u00e1zium ut\u00e1n - sokakkal ellent\u00e9tben \u00e9n nem egyb\u0151l a szakiskol\u00e1ban landoltam -felv\u00e9telt nyertem az ELTE T\u00e1rsadalomtudom\u00e1nyi Kar\u00e1ra ahol szoci\u00e1lpolitikusk\u00e9nt 2008 nyar\u00e1n le is diplom\u00e1ztam. Im\u00e1dom az \"eredeti\" szakm\u00e1mat, \u00e9s vallom, hogy n\u00e9lk\u00fcle nem lenn\u00e9k ma az aki vagyok. Nagyon sokat form\u00e1lt rajtam \u00e9s a mai napig h\u00e1l\u00e1s vagyok a sorsnak ez\u00e9rt a vargabet\u0171\u00e9rt az \u00e9letemben.\nMiut\u00e1n lediplom\u00e1ztam, a Nemzetv\u00e9delmi egyetemen kezdtem dolgozni. Itt ny\u00edlt lehet\u0151s\u00e9gem r\u00e1, hogy a mindenkor \u00e1h\u00edtott \u00e1lomszakm\u00e1t v\u00e9gre megszerezhessem. Szerencs\u00e9mre \u00e9ppen akkor ind\u00edtottak egy k\u00e9pz\u00e9st a Crystal Nailsn\u00e9l \u00e9s m\u00e9g pont be f\u00e9rtem a csoportba. 2010 november\u00e9re k\u00fcl\u00f6n dics\u00e9retben r\u00e9szes\u00edtse \u00e1tvehettem a jeles eredm\u00e9ny\u0171 okjs bizony\u00edtv\u00e1nyomat. Hihetetlen \u00f6r\u00f6m volt. \u00d6r\u00fcltem, mert tudtam, hogy ez a bizony\u00edtv\u00e1ny \u00e9s szaktud\u00e1s b\u00e1rmikor j\u00f3l j\u00f6het, aff\u00e9le \u201cB-terv\u201d volt.\nAz \u00e9let hamar \u00fagy hozta, hogy a B-terv el\u0151l\u00e9pett f\u0151 tervv\u00e9. 2011 \u00e9v elej\u00e9n elkezdtem dolgozni az els\u0151 kis szalonban egy icipici kis asztaln\u00e1l a fejmos\u00f3 mellett \u263a\ufe0f\nNagyon izgultam, de szerencs\u00e9re egy igaz\u00e1n t\u00e1mogat\u00f3 koll\u00e9gan\u0151m volt aki nagyon sokat seg\u00edtett az elindul\u00e1sban. \u00c9s nem volt meg\u00e1ll\u00e1s...\n2012-ben az \u00e9let d\u00f6nt\u00e9s el\u00e9 \u00e1ll\u00edtott. A kis szalon ahol dolgoztam megsz\u0171nt, \u00e9s nekem d\u00f6ntenem kellett. Elmegyek \u00fajra \u00e9s asztalt b\u00e9relek valahol vagy ugrom egy hatalmasat \u00e9s belev\u00e1gok a saj\u00e1t \u00fczletbe.\nSok minden sz\u00f3lt ellene m\u00e9gis az ut\u00f3bbi mellett d\u00f6nt\u00f6ttem, amiben nagyon sokat seg\u00edtett a f\u00e9rjem is. Egy\u00fctt k\u00f6z\u00f6sen szerezt\u00fcnk be mindent sz\u00e9pen apr\u00e1nk\u00e9nt k\u00f6z\u00f6sen szerelt\u00fcnk, festett\u00fcnk \u00f6tletelt\u00fcnk, \u00e9s l\u00e9p\u00e9sr\u0151l l\u00e9p\u00e9sre haladtunk folyamatosan forgatva vissza mindig egy kicsivel t\u00f6bbet, hogy egyre szebb \u00e9s jobb legyen a szalon. Emiatt alakult \u00fagy, hogy a Szalont az els\u0151 \u201cgyerek\u00fcnknek\u201c h\u00edvjuk, hiszen k\u00f6z\u00f6sen alkottuk form\u00e1ltuk a f\u00e9rjemmel. \nSok minden zajlott az elm\u00falt \u00e9vek alatt a szalonban, sok remek embert ismerhettem meg, vend\u00e9get \u00e9s koll\u00e9g\u00e1t egyar\u00e1nt. Mindenki tan\u00edtott \u00e9s alak\u00edtott rajtam. \nJelenleg Sz\u0151ke Timi koll\u00e9gan\u0151mmel k\u00f6z\u00f6sen igyeksz\u00fcnk min\u00e9l t\u00f6bb vend\u00e9gnek csod\u00e1latoss\u00e1 var\u00e1zsolni a napj\u00e1t egy egy sz\u00e9p k\u00f6rm\u00f6n \u00e9s j\u00f3 kis l\u00e9lek\u00e1pol\u00e1son kereszt\u00fcl. \nHiszem, hogy n\u00e1lunk Mindenki megtal\u00e1lja a st\u00edlus\u00e1nak megfelel\u0151 k\u00f6rm\u00f6ket, legyen az ak\u00e1r visszafogott \u00e9s klasszikus vagy extr\u00e9m \u00e9s figyelemfelkelt\u0151! </p>", "is_palota_nails_artist": false, "is_only_student": false, "address": "\u00dcr\u00f6mi utca 3.", "has_profile_image": true, "started_year": 2011, "qualifications": "", "awards": "", "is_instructor": false, "instagram_handle": "Illusionsalon", "facebook_url": "https://facebook.com/Illusionkoromszalon", "tiktok_handle": "", "website_url": "www.illusionsalon.hu", "services_offered": "", "languages": "Magyar", "wheelchair_accessible": false, "average_rating": 0.0, "rating_count": 0, "latitude": 0.0, "longitude": 0.0, "price_list": [], "price_list_image": false, "price_list_json": false, "ratings": [], "promotions": []}}