{"main_object": {"id": 1298, "name": "Lakomecz Anita ", "url": "/kormos/lakomecz-anita-1298", "image": "/images/kormos_placeholder.png", "other_images": [], "city": "Tiszal\u00fac", "megye": "Borsod-Aba\u00faj-Zempl\u00e9n", "email": "anita_lakomecz@freemail.hu", "phone": "06706328249", "description": "<p>Sziasztok!\nAnita vagyok k\u00e9z\u00e1pol\u00f3 \u00e9s l\u00e1b\u00e1pol\u00f3!\n2024. \u00d3ta vagyok szalonba de m\u00e1r 2018-ba megszereztem a szakm\u00e0t.\n </p>", "is_palota_nails_artist": false, "is_only_student": false, "address": "Tiszal\u00fac, Ak\u00e1cfa utca 36.", "has_profile_image": false, "started_year": 2024, "qualifications": "K\u00e9z\u00e1pol\u00f3 \u00e9s m\u0171k\u00f6r\u00f6m\u00e9p\u00edt\u0151 \nL\u00e1b\u00e1pol\u00f3\nCallux", "awards": "", "is_instructor": false, "instagram_handle": "", "facebook_url": "https://www.facebook.com/people", "tiktok_handle": "", "website_url": "", "services_offered": "M\u0171k\u00f6r\u00f6m \u00e9p\u00edt\u00e9s zsel\u00e9vel\nEr\u0151s\u00edtett g\u00e9llak k\u00e9zre / l\u00e1bra\nCallux szike n\u00e9lk\u00fcli pedik\u0171r \nSzik\u00e9s eszt\u00e9tikai pedik\u0171r", "languages": "Magyar", "wheelchair_accessible": false, "average_rating": 0.0, "rating_count": 0, "latitude": 0.0, "longitude": 0.0, "price_list": [], "price_list_image": false, "price_list_json": false, "ratings": [], "promotions": []}, "product": false, "nail_artist": {"id": 1298, "name": "Lakomecz Anita ", "url": "/kormos/lakomecz-anita-1298", "image": "/images/kormos_placeholder.png", "other_images": [], "city": "Tiszal\u00fac", "megye": "Borsod-Aba\u00faj-Zempl\u00e9n", "email": "anita_lakomecz@freemail.hu", "phone": "06706328249", "description": "<p>Sziasztok!\nAnita vagyok k\u00e9z\u00e1pol\u00f3 \u00e9s l\u00e1b\u00e1pol\u00f3!\n2024. \u00d3ta vagyok szalonba de m\u00e1r 2018-ba megszereztem a szakm\u00e0t.\n </p>", "is_palota_nails_artist": false, "is_only_student": false, "address": "Tiszal\u00fac, Ak\u00e1cfa utca 36.", "has_profile_image": false, "started_year": 2024, "qualifications": "K\u00e9z\u00e1pol\u00f3 \u00e9s m\u0171k\u00f6r\u00f6m\u00e9p\u00edt\u0151 \nL\u00e1b\u00e1pol\u00f3\nCallux", "awards": "", "is_instructor": false, "instagram_handle": "", "facebook_url": "https://www.facebook.com/people", "tiktok_handle": "", "website_url": "", "services_offered": "M\u0171k\u00f6r\u00f6m \u00e9p\u00edt\u00e9s zsel\u00e9vel\nEr\u0151s\u00edtett g\u00e9llak k\u00e9zre / l\u00e1bra\nCallux szike n\u00e9lk\u00fcli pedik\u0171r \nSzik\u00e9s eszt\u00e9tikai pedik\u0171r", "languages": "Magyar", "wheelchair_accessible": false, "average_rating": 0.0, "rating_count": 0, "latitude": 0.0, "longitude": 0.0, "price_list": [], "price_list_image": false, "price_list_json": false, "ratings": [], "promotions": []}}