{"main_object": {"id": 1162, "name": "Kov\u00e1csn\u00e9 Kal\u00f3czkai Bettina", "url": "/kormos/kovacsne-kaloczkai-bettina-1162", "image": "/web/image/nail.artist/1162/image/300x300", "other_images": ["/web/image?model=nail.artist.images&field=image&id=2627", "/web/image?model=nail.artist.images&field=image&id=2626", "/web/image?model=nail.artist.images&field=image&id=2625", "/web/image?model=nail.artist.images&field=image&id=2624", "/web/image?model=nail.artist.images&field=image&id=2623", "/web/image?model=nail.artist.images&field=image&id=2622", "/web/image?model=nail.artist.images&field=image&id=2621", "/web/image?model=nail.artist.images&field=image&id=2620", "/web/image?model=nail.artist.images&field=image&id=2619", "/web/image?model=nail.artist.images&field=image&id=2618", "/web/image?model=nail.artist.images&field=image&id=2617", "/web/image?model=nail.artist.images&field=image&id=2616", "/web/image?model=nail.artist.images&field=image&id=2615", "/web/image?model=nail.artist.images&field=image&id=2614", "/web/image?model=nail.artist.images&field=image&id=2613", "/web/image?model=nail.artist.images&field=image&id=2612", "/web/image?model=nail.artist.images&field=image&id=2611", "/web/image?model=nail.artist.images&field=image&id=2610", "/web/image?model=nail.artist.images&field=image&id=2609", "/web/image?model=nail.artist.images&field=image&id=2608"], "city": "Sz\u00e9kesfeh\u00e9rv\u00e1r", "megye": "Fej\u00e9r", "email": "kaloczkaibettina@gmail.com", "phone": "+36305664043", "description": "<p>Gyerekkorom \u00f3ta a m\u0171v\u00e9szet \u00e9s az alkot\u00e1s az \u00e9letem r\u00e9sze \u2013 m\u0171v\u00e9szeti k\u00f6z\u00e9piskol\u00e1ban tanultam, ahol k\u00f6zel ker\u00fcltem a kreat\u00edv \u00f6nkifejez\u00e9shez. Rajzversenyeken vettem r\u00e9szt, im\u00e1dtam tervezni, d\u00edsz\u00edteni, \u00e9s megval\u00f3s\u00edtani mindazt, amit meg\u00e1lmodtam. Ez a szenved\u00e9ly vezetett el oda, ahol ma tartok: a k\u00e9z- \u00e9s l\u00e1b\u00e1pol\u00e1s vil\u00e1ga nekem nem csak munka, hanem igazi hivat\u00e1s.\n\nA k\u00f6rm\u00f6z\u00e9s \u00e9s a pedik\u0171r sz\u00e1momra a gondoskod\u00e1s \u00e9s az \u00f6nkifejez\u00e9s tal\u00e1lkoz\u00e1sa. Ez a szakma nemcsak a sz\u00e9ps\u00e9gr\u0151l sz\u00f3l, hanem az odafigyel\u00e9sr\u0151l, a t\u00f6r\u0151d\u00e9sr\u0151l, \u00e9s arr\u00f3l, hogy valaki egy kicsit jobban \u00e9rezze mag\u00e1t, mint amikor bej\u00f6tt az ajt\u00f3n. A vend\u00e9geim lelk\u00e9t is felt\u00f6lt\u00f6m egy kis humorral, figyelemmel, besz\u00e9lget\u00e9ssel \u00e9s szeretettel.\n\nHiszem, hogy a sz\u00e9ps\u00e9g a r\u00e9szletekben rejlik, \u00e9s minden vend\u00e9gem egyedi. Ez\u00e9rt minden munk\u00e1mat sz\u00edvvel-l\u00e9lekkel, prec\u00edzen \u00e9s lelkiismeretesen k\u00e9sz\u00edtem. Folyamatosan k\u00e9pzem magam \u00e9s k\u00f6vetem az aktu\u00e1lis trendeket, hiszen ez a szakma folyamatosan meg\u00fajul \u2013 \u00e9n pedig im\u00e1dom az \u00faj technik\u00e1kat tanulni \u00e9s kipr\u00f3b\u00e1lni.\n\nN\u00e1lam a vend\u00e9g nem csup\u00e1n egy \u201eid\u0151pont a napt\u00e1rban\u201d \u2013 hanem egy ember, akire figyelek, akit meghallgatok, \u00e9s akinek seg\u00edtek, hogy \u00f6nmag\u00e1b\u00f3l a legjobbat hozza ki.\n\nHa szereted a nyugodt, bar\u00e1ts\u00e1gos l\u00e9gk\u00f6rt, a term\u00e9szetes besz\u00e9lget\u00e9seket \u00e9s a gy\u00f6ny\u00f6r\u0171, ig\u00e9nyes munk\u00e1t \u2013 akkor j\u00f3 helyen j\u00e1rsz. Vend\u00e9gk\u00f6zpont\u00fa vagyok: minden koroszt\u00e1lyt \u00f6r\u00f6mmel fogadok, \u00e9s minden k\u00f6rm\u00f6t a visel\u0151je st\u00edlus\u00e1hoz \u00e9s szem\u00e9lyis\u00e9g\u00e9hez igaz\u00edtok. Minden egyes k\u00f6r\u00f6m egy apr\u00f3 m\u0171alkot\u00e1s, amely t\u00fckr\u00f6zi a vend\u00e9g egy\u00e9nis\u00e9g\u00e9t.\n\nApr\u00f3 r\u00e9szletek, nagy odafigyel\u00e9ssel \u2013 ez az \u00e9n m\u0171v\u00e9szetem. :)</p>", "is_palota_nails_artist": false, "is_only_student": false, "address": "8000 Sz\u00e9kesfeh\u00e9rv\u00e1r Tolnai utca 14", "has_profile_image": true, "started_year": 0, "qualifications": "Manik\u0171r\u00f6s \u00e9s k\u00f6r\u00f6mdiz\u00e1jner, eszt\u00e9tikai pedik\u0171r", "awards": "", "is_instructor": false, "instagram_handle": "bettyful.nails", "facebook_url": "", "tiktok_handle": "", "website_url": "", "services_offered": "Manik\u0171r, jap\u00e1n manik\u0171r, g\u00e9l lakk, m\u0171k\u00f6r\u00f6m, m\u0171k\u00f6r\u00f6m/g\u00e9l lakk elt\u00e1vol\u00edt\u00e1s, pedik\u0171r, l\u00e1b g\u00e9l lakk", "languages": "Magyar", "wheelchair_accessible": false, "average_rating": 0.0, "rating_count": 0, "latitude": 0.0, "longitude": 0.0, "price_list": [], "price_list_image": true, "price_list_json": false, "ratings": [], "promotions": []}, "product": false, "nail_artist": {"id": 1162, "name": "Kov\u00e1csn\u00e9 Kal\u00f3czkai Bettina", "url": "/kormos/kovacsne-kaloczkai-bettina-1162", "image": "/web/image/nail.artist/1162/image/300x300", "other_images": ["/web/image?model=nail.artist.images&field=image&id=2627", "/web/image?model=nail.artist.images&field=image&id=2626", "/web/image?model=nail.artist.images&field=image&id=2625", "/web/image?model=nail.artist.images&field=image&id=2624", "/web/image?model=nail.artist.images&field=image&id=2623", "/web/image?model=nail.artist.images&field=image&id=2622", "/web/image?model=nail.artist.images&field=image&id=2621", "/web/image?model=nail.artist.images&field=image&id=2620", "/web/image?model=nail.artist.images&field=image&id=2619", "/web/image?model=nail.artist.images&field=image&id=2618", "/web/image?model=nail.artist.images&field=image&id=2617", "/web/image?model=nail.artist.images&field=image&id=2616", "/web/image?model=nail.artist.images&field=image&id=2615", "/web/image?model=nail.artist.images&field=image&id=2614", "/web/image?model=nail.artist.images&field=image&id=2613", "/web/image?model=nail.artist.images&field=image&id=2612", "/web/image?model=nail.artist.images&field=image&id=2611", "/web/image?model=nail.artist.images&field=image&id=2610", "/web/image?model=nail.artist.images&field=image&id=2609", "/web/image?model=nail.artist.images&field=image&id=2608"], "city": "Sz\u00e9kesfeh\u00e9rv\u00e1r", "megye": "Fej\u00e9r", "email": "kaloczkaibettina@gmail.com", "phone": "+36305664043", "description": "<p>Gyerekkorom \u00f3ta a m\u0171v\u00e9szet \u00e9s az alkot\u00e1s az \u00e9letem r\u00e9sze \u2013 m\u0171v\u00e9szeti k\u00f6z\u00e9piskol\u00e1ban tanultam, ahol k\u00f6zel ker\u00fcltem a kreat\u00edv \u00f6nkifejez\u00e9shez. Rajzversenyeken vettem r\u00e9szt, im\u00e1dtam tervezni, d\u00edsz\u00edteni, \u00e9s megval\u00f3s\u00edtani mindazt, amit meg\u00e1lmodtam. Ez a szenved\u00e9ly vezetett el oda, ahol ma tartok: a k\u00e9z- \u00e9s l\u00e1b\u00e1pol\u00e1s vil\u00e1ga nekem nem csak munka, hanem igazi hivat\u00e1s.\n\nA k\u00f6rm\u00f6z\u00e9s \u00e9s a pedik\u0171r sz\u00e1momra a gondoskod\u00e1s \u00e9s az \u00f6nkifejez\u00e9s tal\u00e1lkoz\u00e1sa. Ez a szakma nemcsak a sz\u00e9ps\u00e9gr\u0151l sz\u00f3l, hanem az odafigyel\u00e9sr\u0151l, a t\u00f6r\u0151d\u00e9sr\u0151l, \u00e9s arr\u00f3l, hogy valaki egy kicsit jobban \u00e9rezze mag\u00e1t, mint amikor bej\u00f6tt az ajt\u00f3n. A vend\u00e9geim lelk\u00e9t is felt\u00f6lt\u00f6m egy kis humorral, figyelemmel, besz\u00e9lget\u00e9ssel \u00e9s szeretettel.\n\nHiszem, hogy a sz\u00e9ps\u00e9g a r\u00e9szletekben rejlik, \u00e9s minden vend\u00e9gem egyedi. Ez\u00e9rt minden munk\u00e1mat sz\u00edvvel-l\u00e9lekkel, prec\u00edzen \u00e9s lelkiismeretesen k\u00e9sz\u00edtem. Folyamatosan k\u00e9pzem magam \u00e9s k\u00f6vetem az aktu\u00e1lis trendeket, hiszen ez a szakma folyamatosan meg\u00fajul \u2013 \u00e9n pedig im\u00e1dom az \u00faj technik\u00e1kat tanulni \u00e9s kipr\u00f3b\u00e1lni.\n\nN\u00e1lam a vend\u00e9g nem csup\u00e1n egy \u201eid\u0151pont a napt\u00e1rban\u201d \u2013 hanem egy ember, akire figyelek, akit meghallgatok, \u00e9s akinek seg\u00edtek, hogy \u00f6nmag\u00e1b\u00f3l a legjobbat hozza ki.\n\nHa szereted a nyugodt, bar\u00e1ts\u00e1gos l\u00e9gk\u00f6rt, a term\u00e9szetes besz\u00e9lget\u00e9seket \u00e9s a gy\u00f6ny\u00f6r\u0171, ig\u00e9nyes munk\u00e1t \u2013 akkor j\u00f3 helyen j\u00e1rsz. Vend\u00e9gk\u00f6zpont\u00fa vagyok: minden koroszt\u00e1lyt \u00f6r\u00f6mmel fogadok, \u00e9s minden k\u00f6rm\u00f6t a visel\u0151je st\u00edlus\u00e1hoz \u00e9s szem\u00e9lyis\u00e9g\u00e9hez igaz\u00edtok. Minden egyes k\u00f6r\u00f6m egy apr\u00f3 m\u0171alkot\u00e1s, amely t\u00fckr\u00f6zi a vend\u00e9g egy\u00e9nis\u00e9g\u00e9t.\n\nApr\u00f3 r\u00e9szletek, nagy odafigyel\u00e9ssel \u2013 ez az \u00e9n m\u0171v\u00e9szetem. :)</p>", "is_palota_nails_artist": false, "is_only_student": false, "address": "8000 Sz\u00e9kesfeh\u00e9rv\u00e1r Tolnai utca 14", "has_profile_image": true, "started_year": 0, "qualifications": "Manik\u0171r\u00f6s \u00e9s k\u00f6r\u00f6mdiz\u00e1jner, eszt\u00e9tikai pedik\u0171r", "awards": "", "is_instructor": false, "instagram_handle": "bettyful.nails", "facebook_url": "", "tiktok_handle": "", "website_url": "", "services_offered": "Manik\u0171r, jap\u00e1n manik\u0171r, g\u00e9l lakk, m\u0171k\u00f6r\u00f6m, m\u0171k\u00f6r\u00f6m/g\u00e9l lakk elt\u00e1vol\u00edt\u00e1s, pedik\u0171r, l\u00e1b g\u00e9l lakk", "languages": "Magyar", "wheelchair_accessible": false, "average_rating": 0.0, "rating_count": 0, "latitude": 0.0, "longitude": 0.0, "price_list": [], "price_list_image": true, "price_list_json": false, "ratings": [], "promotions": []}}