{"main_object": {"id": 1262, "name": "Kov\u00e1cs Vivien", "url": "/kormos/kovacs-vivien-1262", "image": "/web/image/nail.artist/1262/image/300x300", "other_images": ["/web/image?model=nail.artist.images&field=image&id=3923", "/web/image?model=nail.artist.images&field=image&id=3922", "/web/image?model=nail.artist.images&field=image&id=3921", "/web/image?model=nail.artist.images&field=image&id=3920"], "city": "\u00c9rsekvadkert", "megye": "N\u00f3gr\u00e1d", "email": "kovacsvivien26@gmail.com", "phone": "06301413443", "description": "<p>A Suliban m\u00e9g azt  gondoltam, hogy milyen szuper lenne irod\u00e1n dolgozni, \u00edgy elkezdtem a logisztik\u00e1t kitanulni, levizsg\u00e1ztam, elv\u00e9geztem mell\u00e9 k\u00e9t technikumot.. Elmentem egy gy\u00e1rt\u00f3 c\u00e9ghez dolgozni, mint sz\u00e1ll\u00edtm\u00e1nyoz\u00e1si \u00fcgyint\u00e9z\u0151...\nIlyenkor j\u00f6n a k\u00e9rd\u00e9s, hogy hogy ker\u00fcltem ide?! \u00c9g \u00e9s f\u00f6ld a k\u00f6rm\u00f6s szakma \u00e9s logisztika. Na pont ez a l\u00e9nyeg! Valami kreat\u00edvat szerettem volna, arra v\u00e1gytam, hogy alkothassak hiszen ez az, amitre \u00e9n igaz\u00e1n v\u00e1gyom \u00e9s szeretek!\n2 \u00e9ve, hogy a k\u00f6rm\u00f6k rabja vagyok. Amint megszereztem a szakm\u00e1m, azonnal fejl\u0151dni akartam, \u00edgy k\u00e9pz\u00e9sr\u0151l k\u00e9pz\u00e9sre j\u00e1rok a mai napig. Fontosnak tartom a fejl\u0151d\u00e9st, hogy tudjam tartani a l\u00e9p\u00e9st a rohamosan fejl\u0151d\u0151 k\u00f6r\u00f6mkozmetika ter\u00fcleten.\nMind\u00edg t\u00f6rekszem a prec\u00edz, pontos \u00e9s min\u0151s\u00e9gi munk\u00e1ra!\nEgyenl\u0151re mell\u00e9k \u00e1ll\u00e1sk\u00e9nt k\u00f6rm\u00f6z\u00f6m, de nagy \u00e1lmom, hogy kiv\u00e1ljak a munkahelyemr\u0151l, \u00e9s f\u0151\u00e1ll\u00e1sban tudjak v\u00e1llalkoz\u00f3k\u00e9nt a saj\u00e1t szalonomban dolgozni!\n</p>", "is_palota_nails_artist": false, "is_only_student": false, "address": "Radn\u00f3ti \u00fat 35", "has_profile_image": true, "started_year": 0, "qualifications": "", "awards": "", "is_instructor": false, "instagram_handle": "koviinails.6", "facebook_url": "", "tiktok_handle": "", "website_url": "", "services_offered": "m\u0171k\u00f6r\u00f6m, g\u00e9l lakk, d\u00edsz\u00edt\u00e9sek", "languages": "Magyar", "wheelchair_accessible": false, "average_rating": 0.0, "rating_count": 0, "latitude": 0.0, "longitude": 0.0, "price_list": [], "price_list_image": true, "price_list_json": false, "ratings": [], "promotions": []}, "product": false, "nail_artist": {"id": 1262, "name": "Kov\u00e1cs Vivien", "url": "/kormos/kovacs-vivien-1262", "image": "/web/image/nail.artist/1262/image/300x300", "other_images": ["/web/image?model=nail.artist.images&field=image&id=3923", "/web/image?model=nail.artist.images&field=image&id=3922", "/web/image?model=nail.artist.images&field=image&id=3921", "/web/image?model=nail.artist.images&field=image&id=3920"], "city": "\u00c9rsekvadkert", "megye": "N\u00f3gr\u00e1d", "email": "kovacsvivien26@gmail.com", "phone": "06301413443", "description": "<p>A Suliban m\u00e9g azt  gondoltam, hogy milyen szuper lenne irod\u00e1n dolgozni, \u00edgy elkezdtem a logisztik\u00e1t kitanulni, levizsg\u00e1ztam, elv\u00e9geztem mell\u00e9 k\u00e9t technikumot.. Elmentem egy gy\u00e1rt\u00f3 c\u00e9ghez dolgozni, mint sz\u00e1ll\u00edtm\u00e1nyoz\u00e1si \u00fcgyint\u00e9z\u0151...\nIlyenkor j\u00f6n a k\u00e9rd\u00e9s, hogy hogy ker\u00fcltem ide?! \u00c9g \u00e9s f\u00f6ld a k\u00f6rm\u00f6s szakma \u00e9s logisztika. Na pont ez a l\u00e9nyeg! Valami kreat\u00edvat szerettem volna, arra v\u00e1gytam, hogy alkothassak hiszen ez az, amitre \u00e9n igaz\u00e1n v\u00e1gyom \u00e9s szeretek!\n2 \u00e9ve, hogy a k\u00f6rm\u00f6k rabja vagyok. Amint megszereztem a szakm\u00e1m, azonnal fejl\u0151dni akartam, \u00edgy k\u00e9pz\u00e9sr\u0151l k\u00e9pz\u00e9sre j\u00e1rok a mai napig. Fontosnak tartom a fejl\u0151d\u00e9st, hogy tudjam tartani a l\u00e9p\u00e9st a rohamosan fejl\u0151d\u0151 k\u00f6r\u00f6mkozmetika ter\u00fcleten.\nMind\u00edg t\u00f6rekszem a prec\u00edz, pontos \u00e9s min\u0151s\u00e9gi munk\u00e1ra!\nEgyenl\u0151re mell\u00e9k \u00e1ll\u00e1sk\u00e9nt k\u00f6rm\u00f6z\u00f6m, de nagy \u00e1lmom, hogy kiv\u00e1ljak a munkahelyemr\u0151l, \u00e9s f\u0151\u00e1ll\u00e1sban tudjak v\u00e1llalkoz\u00f3k\u00e9nt a saj\u00e1t szalonomban dolgozni!\n</p>", "is_palota_nails_artist": false, "is_only_student": false, "address": "Radn\u00f3ti \u00fat 35", "has_profile_image": true, "started_year": 0, "qualifications": "", "awards": "", "is_instructor": false, "instagram_handle": "koviinails.6", "facebook_url": "", "tiktok_handle": "", "website_url": "", "services_offered": "m\u0171k\u00f6r\u00f6m, g\u00e9l lakk, d\u00edsz\u00edt\u00e9sek", "languages": "Magyar", "wheelchair_accessible": false, "average_rating": 0.0, "rating_count": 0, "latitude": 0.0, "longitude": 0.0, "price_list": [], "price_list_image": true, "price_list_json": false, "ratings": [], "promotions": []}}