{"main_object": {"id": 1353, "name": "K\u00e1rp\u00e1ti R\u00e9ka ", "url": "/kormos/karpati-reka-1353", "image": "/images/kormos_placeholder.png", "other_images": [], "city": "S\u00e1rv\u00e1r", "megye": "Vas", "email": "reka940612@gmail.com", "phone": "+36 303796062", "description": "<p>Szia Kedves Leend\u0151 Vend\u00e9gem! \ud83d\udc95\ud83d\ude4b\ud83c\udffc\u200d\u2640\ufe0f\n\nSzeretn\u00e9k egy kicsit bemutatkozni, hogy jobban megismerj, \u00e9s bizalommal fordulj hozz\u00e1m a k\u00e9s\u0151bbiekben.\ud83e\udd0d\n\nK\u00e1rp\u00e1ti R\u00e9ka vagyok, k\u00e9z\u00e1pol\u00f3 \u00e9s m\u0171k\u00f6r\u00f6m\u00e9p\u00edt\u0151.\ud83d\udc85\ud83c\udffb\n\nSz\u00e1momra a k\u00f6rm\u00f6z\u00e9s el\u0151sz\u00f6r csak hobbi volt, majd 2021-ben megszereztem a bizony\u00edtv\u00e1nyom. \nEddig munka mellett foglalkoztam vele \u2013 most viszont \u00fagy \u00e9rzem, el\u00e9rkezett az id\u0151, hogy ezt a szenved\u00e9lyemet f\u0151\u00e1ll\u00e1sban is folytassam. \ud83d\udc85\ud83c\udffb\n\nA c\u00e9lom, hogy folyamatosan fejl\u0151djek \u00e9s b\u0151v\u00edtsem a vend\u00e9gk\u00f6r\u00f6met, mik\u00f6zben minden vend\u00e9gem sz\u00e1m\u00e1ra ig\u00e9nyes, tart\u00f3s \u00e9s sz\u00e9p k\u00f6rm\u00f6ket k\u00e9sz\u00edtsek.\n\nKiemelten fontos a min\u0151s\u00e9g, ez\u00e9rt megb\u00edzhat\u00f3 alapanyagokkal \u00e9s eszk\u00f6z\u00f6kkel dolgozom, valamint folyamatosan k\u00e9pzem magam, hogy l\u00e9p\u00e9st tartsak az aktu\u00e1lis trendekkel.\ud83d\udcc8\n\nLehet, hogy m\u00e9g nem festek \u00e9leth\u0171 Amalfi-partot a k\u00f6rm\u00f6dre \ud83d\ude05\ud83c\udfdd\ufe0f\nDe azt garant\u00e1lom, hogy minden munk\u00e1mat a legjobb tud\u00e1som szerint, odafigyel\u00e9ssel \u00e9s precizit\u00e1ssal k\u00e9sz\u00edtem el \u2013 hogy el\u00e9gedetten t\u00e1vozz. \n\n\ud83c\udf81 A nyit\u00e1s alkalm\u00e1b\u00f3l kedvezm\u00e9nyekkel k\u00e9sz\u00fcl\u00f6k, ez\u00e9rt nagyon \u00f6r\u00fcln\u00e9k, ha k\u00f6vetn\u00e9d az oldalt, hogy ne maradj le r\u00f3luk! \ud83d\udc96\n\nRem\u00e9lem, hamarosan szem\u00e9lyesen is tal\u00e1lkozunk \ud83d\udc95</p>", "is_palota_nails_artist": false, "is_only_student": false, "address": "9600 S\u00e1rv\u00e1r, Hunyadi utca 18/D.", "has_profile_image": false, "started_year": 0, "qualifications": "", "awards": "", "is_instructor": false, "instagram_handle": "minimaniroom.sarvar", "facebook_url": "https://www.facebook.com/people", "tiktok_handle": "", "website_url": "", "services_offered": "", "languages": "Magyar", "wheelchair_accessible": false, "average_rating": 0.0, "rating_count": 0, "latitude": 0.0, "longitude": 0.0, "price_list": [], "price_list_image": false, "price_list_json": false, "ratings": [], "promotions": []}, "product": false, "nail_artist": {"id": 1353, "name": "K\u00e1rp\u00e1ti R\u00e9ka ", "url": "/kormos/karpati-reka-1353", "image": "/images/kormos_placeholder.png", "other_images": [], "city": "S\u00e1rv\u00e1r", "megye": "Vas", "email": "reka940612@gmail.com", "phone": "+36 303796062", "description": "<p>Szia Kedves Leend\u0151 Vend\u00e9gem! \ud83d\udc95\ud83d\ude4b\ud83c\udffc\u200d\u2640\ufe0f\n\nSzeretn\u00e9k egy kicsit bemutatkozni, hogy jobban megismerj, \u00e9s bizalommal fordulj hozz\u00e1m a k\u00e9s\u0151bbiekben.\ud83e\udd0d\n\nK\u00e1rp\u00e1ti R\u00e9ka vagyok, k\u00e9z\u00e1pol\u00f3 \u00e9s m\u0171k\u00f6r\u00f6m\u00e9p\u00edt\u0151.\ud83d\udc85\ud83c\udffb\n\nSz\u00e1momra a k\u00f6rm\u00f6z\u00e9s el\u0151sz\u00f6r csak hobbi volt, majd 2021-ben megszereztem a bizony\u00edtv\u00e1nyom. \nEddig munka mellett foglalkoztam vele \u2013 most viszont \u00fagy \u00e9rzem, el\u00e9rkezett az id\u0151, hogy ezt a szenved\u00e9lyemet f\u0151\u00e1ll\u00e1sban is folytassam. \ud83d\udc85\ud83c\udffb\n\nA c\u00e9lom, hogy folyamatosan fejl\u0151djek \u00e9s b\u0151v\u00edtsem a vend\u00e9gk\u00f6r\u00f6met, mik\u00f6zben minden vend\u00e9gem sz\u00e1m\u00e1ra ig\u00e9nyes, tart\u00f3s \u00e9s sz\u00e9p k\u00f6rm\u00f6ket k\u00e9sz\u00edtsek.\n\nKiemelten fontos a min\u0151s\u00e9g, ez\u00e9rt megb\u00edzhat\u00f3 alapanyagokkal \u00e9s eszk\u00f6z\u00f6kkel dolgozom, valamint folyamatosan k\u00e9pzem magam, hogy l\u00e9p\u00e9st tartsak az aktu\u00e1lis trendekkel.\ud83d\udcc8\n\nLehet, hogy m\u00e9g nem festek \u00e9leth\u0171 Amalfi-partot a k\u00f6rm\u00f6dre \ud83d\ude05\ud83c\udfdd\ufe0f\nDe azt garant\u00e1lom, hogy minden munk\u00e1mat a legjobb tud\u00e1som szerint, odafigyel\u00e9ssel \u00e9s precizit\u00e1ssal k\u00e9sz\u00edtem el \u2013 hogy el\u00e9gedetten t\u00e1vozz. \n\n\ud83c\udf81 A nyit\u00e1s alkalm\u00e1b\u00f3l kedvezm\u00e9nyekkel k\u00e9sz\u00fcl\u00f6k, ez\u00e9rt nagyon \u00f6r\u00fcln\u00e9k, ha k\u00f6vetn\u00e9d az oldalt, hogy ne maradj le r\u00f3luk! \ud83d\udc96\n\nRem\u00e9lem, hamarosan szem\u00e9lyesen is tal\u00e1lkozunk \ud83d\udc95</p>", "is_palota_nails_artist": false, "is_only_student": false, "address": "9600 S\u00e1rv\u00e1r, Hunyadi utca 18/D.", "has_profile_image": false, "started_year": 0, "qualifications": "", "awards": "", "is_instructor": false, "instagram_handle": "minimaniroom.sarvar", "facebook_url": "https://www.facebook.com/people", "tiktok_handle": "", "website_url": "", "services_offered": "", "languages": "Magyar", "wheelchair_accessible": false, "average_rating": 0.0, "rating_count": 0, "latitude": 0.0, "longitude": 0.0, "price_list": [], "price_list_image": false, "price_list_json": false, "ratings": [], "promotions": []}}