{"main_object": {"id": 494, "name": "Juh\u00e1sz Edina", "url": "/kormos/juhasz-edina-494", "image": "/web/image/nail.artist/494/image/300x300", "other_images": ["/web/image?model=nail.artist.images&field=image&id=1627", "/web/image?model=nail.artist.images&field=image&id=1626", "/web/image?model=nail.artist.images&field=image&id=1625", "/web/image?model=nail.artist.images&field=image&id=1624", "/web/image?model=nail.artist.images&field=image&id=1623", "/web/image?model=nail.artist.images&field=image&id=1622", "/web/image?model=nail.artist.images&field=image&id=1621"], "city": "Dorog", "megye": "Kom\u00e1rom-Esztergom", "email": false, "phone": "06308764019", "description": "<p>Bizony\u00edtv\u00e1nyomat 2019. m\u00e1jus\u00e1ban szereztem, az\u00f3ta is kitart\u00f3an tanulok \u00e9s k\u00e9pzem magam k\u00fcl\u00f6nb\u00f6z\u0151 technikai illetve d\u00edsz\u00edt\u0151 tanfolyamokon! :) \nProfesszion\u00e1lis alapanyagokkal dolgozom, k\u00fcl\u00f6n\u00f6sen nagy hangs\u00falyt fektetek a manik\u0171rre, melyet kombin\u00e1lt g\u00e9pi manik\u0171rrel alkalmazok. \nVannak m\u00e9g el\u00e9rhet\u0151 szabad helyeim, v\u00e1rom minden kedves Vend\u00e9gemet! \nEdina</p>", "is_palota_nails_artist": false, "is_only_student": false, "address": "B\u00e9csi \u00fat 60.", "has_profile_image": true, "started_year": 0, "qualifications": "", "awards": "", "is_instructor": false, "instagram_handle": "", "facebook_url": "", "tiktok_handle": "", "website_url": "", "services_offered": "", "languages": "Magyar", "wheelchair_accessible": false, "average_rating": 0.0, "rating_count": 0, "latitude": 0.0, "longitude": 0.0, "price_list": [], "price_list_image": false, "price_list_json": false, "ratings": [], "promotions": []}, "product": false, "nail_artist": {"id": 494, "name": "Juh\u00e1sz Edina", "url": "/kormos/juhasz-edina-494", "image": "/web/image/nail.artist/494/image/300x300", "other_images": ["/web/image?model=nail.artist.images&field=image&id=1627", "/web/image?model=nail.artist.images&field=image&id=1626", "/web/image?model=nail.artist.images&field=image&id=1625", "/web/image?model=nail.artist.images&field=image&id=1624", "/web/image?model=nail.artist.images&field=image&id=1623", "/web/image?model=nail.artist.images&field=image&id=1622", "/web/image?model=nail.artist.images&field=image&id=1621"], "city": "Dorog", "megye": "Kom\u00e1rom-Esztergom", "email": false, "phone": "06308764019", "description": "<p>Bizony\u00edtv\u00e1nyomat 2019. m\u00e1jus\u00e1ban szereztem, az\u00f3ta is kitart\u00f3an tanulok \u00e9s k\u00e9pzem magam k\u00fcl\u00f6nb\u00f6z\u0151 technikai illetve d\u00edsz\u00edt\u0151 tanfolyamokon! :) \nProfesszion\u00e1lis alapanyagokkal dolgozom, k\u00fcl\u00f6n\u00f6sen nagy hangs\u00falyt fektetek a manik\u0171rre, melyet kombin\u00e1lt g\u00e9pi manik\u0171rrel alkalmazok. \nVannak m\u00e9g el\u00e9rhet\u0151 szabad helyeim, v\u00e1rom minden kedves Vend\u00e9gemet! \nEdina</p>", "is_palota_nails_artist": false, "is_only_student": false, "address": "B\u00e9csi \u00fat 60.", "has_profile_image": true, "started_year": 0, "qualifications": "", "awards": "", "is_instructor": false, "instagram_handle": "", "facebook_url": "", "tiktok_handle": "", "website_url": "", "services_offered": "", "languages": "Magyar", "wheelchair_accessible": false, "average_rating": 0.0, "rating_count": 0, "latitude": 0.0, "longitude": 0.0, "price_list": [], "price_list_image": false, "price_list_json": false, "ratings": [], "promotions": []}}