{"main_object": {"id": 787, "name": "Horv\u00e1th-Peresztegi Alexandra ", "url": "/kormos/horvath-peresztegi-alexandra-787", "image": "/web/image/nail.artist/787/image/300x300", "other_images": [], "city": "Egerv\u00e1r", "megye": "Zala", "email": false, "phone": "+36306467374 ", "description": "<p>Sziasztok! Horv\u00e1th-Peresztegi Alexandra vagyok 9 \u00e9ve k\u00f6rm\u00f6s, el\u0151sz\u00f6r magamnak \u00e9s a csal\u00e1d k\u00e9sz\u00edtettem k\u00f6rm\u00f6ket gyakorl\u00e1sk\u00e9nt. Majd egyre jobban terjedt el, hogy mivel foglalkozom \u00e9s j\u00f6ttek a vend\u00e9gek. Sajnos volt 4 \u00e9v kihagy\u00e1som, 2 \u00e9vig k\u00fclf\u00f6ld\u00f6m voltunk! Miut\u00e1n hazaj\u00f6ttem letettem a K\u00e9z\u00e1pol\u00f3 \u00e9s m\u0171k\u00f6r\u00f6m\u00e9p\u00edt\u0151 tanfolyamot \u00e9s elkezdtem akt\u00edvan dolgozni! Majd 2022-ben megsz\u00fcletett a kisfiam, de mellette is folyamatosan dolgoztam, illetve k\u00e9peztem magam rengeteg ta folymon vettem r\u00e9szt. 2023-ban elk\u00e9sz\u00fclt a saj\u00e1t szalonom v\u00e9gre. Most azt csin\u00e1lhatom amit szeretek \u00e9s im\u00e1dok, ami kikapcsol.\nV\u00e1rok Minden Sz\u00e9p\u00fclni v\u00e1gy\u00f3 H\u00f6lgyet! </p>", "is_palota_nails_artist": false, "is_only_student": false, "address": "Gy\u00f6ngyvir\u00e1g utca 5 ", "has_profile_image": true, "started_year": 0, "qualifications": "", "awards": "", "is_instructor": false, "instagram_handle": "", "facebook_url": "", "tiktok_handle": "", "website_url": "", "services_offered": "", "languages": "Magyar", "wheelchair_accessible": false, "average_rating": 0.0, "rating_count": 0, "latitude": 0.0, "longitude": 0.0, "price_list": [], "price_list_image": false, "price_list_json": false, "ratings": [], "promotions": []}, "product": false, "nail_artist": {"id": 787, "name": "Horv\u00e1th-Peresztegi Alexandra ", "url": "/kormos/horvath-peresztegi-alexandra-787", "image": "/web/image/nail.artist/787/image/300x300", "other_images": [], "city": "Egerv\u00e1r", "megye": "Zala", "email": false, "phone": "+36306467374 ", "description": "<p>Sziasztok! Horv\u00e1th-Peresztegi Alexandra vagyok 9 \u00e9ve k\u00f6rm\u00f6s, el\u0151sz\u00f6r magamnak \u00e9s a csal\u00e1d k\u00e9sz\u00edtettem k\u00f6rm\u00f6ket gyakorl\u00e1sk\u00e9nt. Majd egyre jobban terjedt el, hogy mivel foglalkozom \u00e9s j\u00f6ttek a vend\u00e9gek. Sajnos volt 4 \u00e9v kihagy\u00e1som, 2 \u00e9vig k\u00fclf\u00f6ld\u00f6m voltunk! Miut\u00e1n hazaj\u00f6ttem letettem a K\u00e9z\u00e1pol\u00f3 \u00e9s m\u0171k\u00f6r\u00f6m\u00e9p\u00edt\u0151 tanfolyamot \u00e9s elkezdtem akt\u00edvan dolgozni! Majd 2022-ben megsz\u00fcletett a kisfiam, de mellette is folyamatosan dolgoztam, illetve k\u00e9peztem magam rengeteg ta folymon vettem r\u00e9szt. 2023-ban elk\u00e9sz\u00fclt a saj\u00e1t szalonom v\u00e9gre. Most azt csin\u00e1lhatom amit szeretek \u00e9s im\u00e1dok, ami kikapcsol.\nV\u00e1rok Minden Sz\u00e9p\u00fclni v\u00e1gy\u00f3 H\u00f6lgyet! </p>", "is_palota_nails_artist": false, "is_only_student": false, "address": "Gy\u00f6ngyvir\u00e1g utca 5 ", "has_profile_image": true, "started_year": 0, "qualifications": "", "awards": "", "is_instructor": false, "instagram_handle": "", "facebook_url": "", "tiktok_handle": "", "website_url": "", "services_offered": "", "languages": "Magyar", "wheelchair_accessible": false, "average_rating": 0.0, "rating_count": 0, "latitude": 0.0, "longitude": 0.0, "price_list": [], "price_list_image": false, "price_list_json": false, "ratings": [], "promotions": []}}