{"main_object": {"id": 1129, "name": "Hajnalf\u00e9ny Beauty of Nails", "url": "/kormos/hajnalfeny-beauty-of-nails-1129", "image": "/web/image/nail.artist/1129/image/300x300", "other_images": ["/web/image?model=nail.artist.images&field=image&id=2907"], "city": "Szeksz\u00e1rd", "megye": "Tolna", "email": "", "phone": "+36303828093", "description": "<p>2011-ben szereztem k\u00e9z- \u00e9s l\u00e1b\u00e1pol\u00f3 v\u00e9gzetts\u00e9get, majd 2019-ben k\u00e9z\u00e1pol\u00f3 \u00e9s m\u0171k\u00f6r\u00f6m\u00e9p\u00edt\u0151, valamint l\u00e1b\u00e1pol\u00f3 mester lettem. Munk\u00e1mat szeretettel, odafigyel\u00e9ssel \u00e9s precizit\u00e1ssal v\u00e9gzem \u2013 mert hiszem, hogy a sz\u00e9p \u00e9s \u00e1polt k\u00e9z, illetve l\u00e1b a magabiztoss\u00e1g r\u00e9sze.</p>", "is_palota_nails_artist": false, "is_only_student": false, "address": "Arany J\u00e1nos utca 17-21. ", "has_profile_image": true, "started_year": 0, "qualifications": "K\u00e9z\u00e1pol\u00f3- M\u0171k\u00f6r\u00f6m\u00e9p\u00edt\u0151 Mester\nL\u00e1b\u00e1pol\u00f3 Mester", "awards": "", "is_instructor": false, "instagram_handle": "", "facebook_url": "", "tiktok_handle": "", "website_url": "", "services_offered": "G\u00e9l lakk, Zsel\u00e9s k\u00f6r\u00f6m, Pedik\u0171r, K\u00e9nyeztet\u00e9s", "languages": "Magyar", "wheelchair_accessible": false, "average_rating": 0.0, "rating_count": 0, "latitude": 0.0, "longitude": 0.0, "price_list": [], "price_list_image": false, "price_list_json": false, "ratings": [], "promotions": []}, "product": false, "nail_artist": {"id": 1129, "name": "Hajnalf\u00e9ny Beauty of Nails", "url": "/kormos/hajnalfeny-beauty-of-nails-1129", "image": "/web/image/nail.artist/1129/image/300x300", "other_images": ["/web/image?model=nail.artist.images&field=image&id=2907"], "city": "Szeksz\u00e1rd", "megye": "Tolna", "email": "", "phone": "+36303828093", "description": "<p>2011-ben szereztem k\u00e9z- \u00e9s l\u00e1b\u00e1pol\u00f3 v\u00e9gzetts\u00e9get, majd 2019-ben k\u00e9z\u00e1pol\u00f3 \u00e9s m\u0171k\u00f6r\u00f6m\u00e9p\u00edt\u0151, valamint l\u00e1b\u00e1pol\u00f3 mester lettem. Munk\u00e1mat szeretettel, odafigyel\u00e9ssel \u00e9s precizit\u00e1ssal v\u00e9gzem \u2013 mert hiszem, hogy a sz\u00e9p \u00e9s \u00e1polt k\u00e9z, illetve l\u00e1b a magabiztoss\u00e1g r\u00e9sze.</p>", "is_palota_nails_artist": false, "is_only_student": false, "address": "Arany J\u00e1nos utca 17-21. ", "has_profile_image": true, "started_year": 0, "qualifications": "K\u00e9z\u00e1pol\u00f3- M\u0171k\u00f6r\u00f6m\u00e9p\u00edt\u0151 Mester\nL\u00e1b\u00e1pol\u00f3 Mester", "awards": "", "is_instructor": false, "instagram_handle": "", "facebook_url": "", "tiktok_handle": "", "website_url": "", "services_offered": "G\u00e9l lakk, Zsel\u00e9s k\u00f6r\u00f6m, Pedik\u0171r, K\u00e9nyeztet\u00e9s", "languages": "Magyar", "wheelchair_accessible": false, "average_rating": 0.0, "rating_count": 0, "latitude": 0.0, "longitude": 0.0, "price_list": [], "price_list_image": false, "price_list_json": false, "ratings": [], "promotions": []}}