{"main_object": {"id": 1323, "name": "Gorj\u00e1nn\u00e9 T\u00f3th Merc\u00e9desz M\u00e1ria", "url": "/kormos/gorjanne-toth-mercedesz-maria-1323", "image": "/web/image/nail.artist/1323/image/300x300", "other_images": ["/web/image?model=nail.artist.images&field=image&id=4882", "/web/image?model=nail.artist.images&field=image&id=4881", "/web/image?model=nail.artist.images&field=image&id=4880", "/web/image?model=nail.artist.images&field=image&id=4879", "/web/image?model=nail.artist.images&field=image&id=4878", "/web/image?model=nail.artist.images&field=image&id=4877", "/web/image?model=nail.artist.images&field=image&id=4876", "/web/image?model=nail.artist.images&field=image&id=4875", "/web/image?model=nail.artist.images&field=image&id=4874", "/web/image?model=nail.artist.images&field=image&id=4872", "/web/image?model=nail.artist.images&field=image&id=4870", "/web/image?model=nail.artist.images&field=image&id=4869", "/web/image?model=nail.artist.images&field=image&id=4868"], "city": "Surd", "megye": "Zala", "email": "mercinails91@gmail.com", "phone": "06301579435", "description": "<p>Sz\u00edvesen fogadok \u00faj vend\u00e9get! :)\nKeress b\u00e1tran.\nD\u00e9lel\u00f6tt ,\u00e9s d\u00e9lut\u00e1n is dolgozom. :) \nH\u00e9tv\u00e9gen is! :) </p>", "is_palota_nails_artist": false, "is_only_student": false, "address": "Kanizsai utca 2.", "has_profile_image": true, "started_year": 2024, "qualifications": "Manik\u00fcr -\u00e9s k\u00f6r\u00f6mdiz\u00e1jner\nSzalon gyors\u00edt\u013a Tanfolyam\nD\u00edsz\u00edt\u0151 \u00e9s \u00e9p\u00edt\u0151,valamint manik\u00fcr tov\u00e1bbk\u00e9pz\u00e9sek", "awards": "", "is_instructor": false, "instagram_handle": "mercinails91", "facebook_url": "https://www.facebook.com/login", "tiktok_handle": "merci08294", "website_url": "", "services_offered": "N\u0151i -F\u00e9rfi manik\u00fcr\nParaffin kezel\u00e9s\nJap\u00e1n Manik\u0171r\nEr\u0151s\u00edtett g\u00e9llakk\nHardener er\u0151s\u00edt\u00e9s\nM\u0171k\u00f6r\u00f6m \u00e9p\u00edt\u00e9s", "languages": "Magyar", "wheelchair_accessible": false, "average_rating": 0.0, "rating_count": 0, "latitude": 0.0, "longitude": 0.0, "price_list": [], "price_list_image": true, "price_list_json": false, "ratings": [], "promotions": []}, "product": false, "nail_artist": {"id": 1323, "name": "Gorj\u00e1nn\u00e9 T\u00f3th Merc\u00e9desz M\u00e1ria", "url": "/kormos/gorjanne-toth-mercedesz-maria-1323", "image": "/web/image/nail.artist/1323/image/300x300", "other_images": ["/web/image?model=nail.artist.images&field=image&id=4882", "/web/image?model=nail.artist.images&field=image&id=4881", "/web/image?model=nail.artist.images&field=image&id=4880", "/web/image?model=nail.artist.images&field=image&id=4879", "/web/image?model=nail.artist.images&field=image&id=4878", "/web/image?model=nail.artist.images&field=image&id=4877", "/web/image?model=nail.artist.images&field=image&id=4876", "/web/image?model=nail.artist.images&field=image&id=4875", "/web/image?model=nail.artist.images&field=image&id=4874", "/web/image?model=nail.artist.images&field=image&id=4872", "/web/image?model=nail.artist.images&field=image&id=4870", "/web/image?model=nail.artist.images&field=image&id=4869", "/web/image?model=nail.artist.images&field=image&id=4868"], "city": "Surd", "megye": "Zala", "email": "mercinails91@gmail.com", "phone": "06301579435", "description": "<p>Sz\u00edvesen fogadok \u00faj vend\u00e9get! :)\nKeress b\u00e1tran.\nD\u00e9lel\u00f6tt ,\u00e9s d\u00e9lut\u00e1n is dolgozom. :) \nH\u00e9tv\u00e9gen is! :) </p>", "is_palota_nails_artist": false, "is_only_student": false, "address": "Kanizsai utca 2.", "has_profile_image": true, "started_year": 2024, "qualifications": "Manik\u00fcr -\u00e9s k\u00f6r\u00f6mdiz\u00e1jner\nSzalon gyors\u00edt\u013a Tanfolyam\nD\u00edsz\u00edt\u0151 \u00e9s \u00e9p\u00edt\u0151,valamint manik\u00fcr tov\u00e1bbk\u00e9pz\u00e9sek", "awards": "", "is_instructor": false, "instagram_handle": "mercinails91", "facebook_url": "https://www.facebook.com/login", "tiktok_handle": "merci08294", "website_url": "", "services_offered": "N\u0151i -F\u00e9rfi manik\u00fcr\nParaffin kezel\u00e9s\nJap\u00e1n Manik\u0171r\nEr\u0151s\u00edtett g\u00e9llakk\nHardener er\u0151s\u00edt\u00e9s\nM\u0171k\u00f6r\u00f6m \u00e9p\u00edt\u00e9s", "languages": "Magyar", "wheelchair_accessible": false, "average_rating": 0.0, "rating_count": 0, "latitude": 0.0, "longitude": 0.0, "price_list": [], "price_list_image": true, "price_list_json": false, "ratings": [], "promotions": []}}