{"main_object": {"id": 481, "name": "G\u00e1ln\u00e9 \u00c9vike ", "url": "/kormos/galne-evike-481", "image": "/web/image/nail.artist/481/image/300x300", "other_images": ["/web/image?model=nail.artist.images&field=image&id=3886", "/web/image?model=nail.artist.images&field=image&id=3883", "/web/image?model=nail.artist.images&field=image&id=1614", "/web/image?model=nail.artist.images&field=image&id=1613", "/web/image?model=nail.artist.images&field=image&id=1609", "/web/image?model=nail.artist.images&field=image&id=1608", "/web/image?model=nail.artist.images&field=image&id=1607"], "city": "Duna\u00fajv\u00e1ros", "megye": "Fej\u00e9r", "email": "", "phone": "06305167820", "description": "<p>K\u00e9z \u00e9s L\u00e1b\u00e1pol\u00f3, Gy\u00f3gypedik\u0171r\u00f6s vagyok. Im\u00e1dom a munk\u00e1m. Szeretek kreat\u00edv lenni, \u00e9s ki alak\u00edtottam saj\u00e1t egyedi technik\u00e1mat.</p>", "is_palota_nails_artist": false, "is_only_student": false, "address": "M\u00e1rcius 15-e t\u00e9r 4 ", "has_profile_image": true, "started_year": 2018, "qualifications": "K\u00e9z \u00e9s L\u00e1b\u00e1pol\u00f3 \nM\u0171k\u00f6r\u00f6m \u00e9p\u00edt\u0151 \nGy\u00f3gypedik\u0171r\u00f6s", "awards": "K\u00f6z\u00f6ns\u00e9g szavaz\u00e1s alapj\u00e1n 1. helyezett", "is_instructor": false, "instagram_handle": "J.m.beautynails", "facebook_url": "G\u00e1lP\u00e9tern\u00e9\u00c9va", "tiktok_handle": "", "website_url": "", "services_offered": "M\u0171k\u00f6r\u00f6m t\u00f6lt\u00e9s \nG\u00e8llakk \u270b \u00e9s \ud83d\udc63 \nEszt\u00e9tikai pedik\u0171r \nGy\u00f3gypedik\u0171r", "languages": "Magyar", "wheelchair_accessible": false, "average_rating": 0.0, "rating_count": 0, "latitude": 0.0, "longitude": 0.0, "price_list": [], "price_list_image": false, "price_list_json": false, "ratings": [], "promotions": []}, "product": false, "nail_artist": {"id": 481, "name": "G\u00e1ln\u00e9 \u00c9vike ", "url": "/kormos/galne-evike-481", "image": "/web/image/nail.artist/481/image/300x300", "other_images": ["/web/image?model=nail.artist.images&field=image&id=3886", "/web/image?model=nail.artist.images&field=image&id=3883", "/web/image?model=nail.artist.images&field=image&id=1614", "/web/image?model=nail.artist.images&field=image&id=1613", "/web/image?model=nail.artist.images&field=image&id=1609", "/web/image?model=nail.artist.images&field=image&id=1608", "/web/image?model=nail.artist.images&field=image&id=1607"], "city": "Duna\u00fajv\u00e1ros", "megye": "Fej\u00e9r", "email": "", "phone": "06305167820", "description": "<p>K\u00e9z \u00e9s L\u00e1b\u00e1pol\u00f3, Gy\u00f3gypedik\u0171r\u00f6s vagyok. Im\u00e1dom a munk\u00e1m. Szeretek kreat\u00edv lenni, \u00e9s ki alak\u00edtottam saj\u00e1t egyedi technik\u00e1mat.</p>", "is_palota_nails_artist": false, "is_only_student": false, "address": "M\u00e1rcius 15-e t\u00e9r 4 ", "has_profile_image": true, "started_year": 2018, "qualifications": "K\u00e9z \u00e9s L\u00e1b\u00e1pol\u00f3 \nM\u0171k\u00f6r\u00f6m \u00e9p\u00edt\u0151 \nGy\u00f3gypedik\u0171r\u00f6s", "awards": "K\u00f6z\u00f6ns\u00e9g szavaz\u00e1s alapj\u00e1n 1. helyezett", "is_instructor": false, "instagram_handle": "J.m.beautynails", "facebook_url": "G\u00e1lP\u00e9tern\u00e9\u00c9va", "tiktok_handle": "", "website_url": "", "services_offered": "M\u0171k\u00f6r\u00f6m t\u00f6lt\u00e9s \nG\u00e8llakk \u270b \u00e9s \ud83d\udc63 \nEszt\u00e9tikai pedik\u0171r \nGy\u00f3gypedik\u0171r", "languages": "Magyar", "wheelchair_accessible": false, "average_rating": 0.0, "rating_count": 0, "latitude": 0.0, "longitude": 0.0, "price_list": [], "price_list_image": false, "price_list_json": false, "ratings": [], "promotions": []}}