{"main_object": {"id": 828, "name": "Debrei Hanna", "url": "/kormos/debrei-hanna-828", "image": "/images/kormos_placeholder.png", "other_images": ["/web/image?model=nail.artist.images&field=image&id=2031", "/web/image?model=nail.artist.images&field=image&id=2030", "/web/image?model=nail.artist.images&field=image&id=2029", "/web/image?model=nail.artist.images&field=image&id=2028", "/web/image?model=nail.artist.images&field=image&id=2027"], "city": "Sz\u00e9cs\u00e9ny", "megye": "N\u00f3gr\u00e1d", "email": "debreihanna99@gmail.com", "phone": "+36704539050", "description": "<p>Debrei Hanna vagyok.Professzin\u00e1lis l\u00e1b\u00e1pol\u00f3.2020 ban v\u00e9geztem OKJ k\u00e9pz\u00e9sen.Az\u00f3ta csak fejlesztettem a tud\u00e1som.2023-t\u00f3l gy\u0151gypedikr\u00f6s vagyok</p>", "is_palota_nails_artist": false, "is_only_student": false, "address": "R\u00e1k\u00f3czi \u00fat 107", "has_profile_image": false, "started_year": 0, "qualifications": "", "awards": "", "is_instructor": false, "instagram_handle": "", "facebook_url": "", "tiktok_handle": "", "website_url": "", "services_offered": "", "languages": "Magyar", "wheelchair_accessible": false, "average_rating": 0.0, "rating_count": 0, "latitude": 0.0, "longitude": 0.0, "price_list": [], "price_list_image": false, "price_list_json": false, "ratings": [], "promotions": []}, "product": false, "nail_artist": {"id": 828, "name": "Debrei Hanna", "url": "/kormos/debrei-hanna-828", "image": "/images/kormos_placeholder.png", "other_images": ["/web/image?model=nail.artist.images&field=image&id=2031", "/web/image?model=nail.artist.images&field=image&id=2030", "/web/image?model=nail.artist.images&field=image&id=2029", "/web/image?model=nail.artist.images&field=image&id=2028", "/web/image?model=nail.artist.images&field=image&id=2027"], "city": "Sz\u00e9cs\u00e9ny", "megye": "N\u00f3gr\u00e1d", "email": "debreihanna99@gmail.com", "phone": "+36704539050", "description": "<p>Debrei Hanna vagyok.Professzin\u00e1lis l\u00e1b\u00e1pol\u00f3.2020 ban v\u00e9geztem OKJ k\u00e9pz\u00e9sen.Az\u00f3ta csak fejlesztettem a tud\u00e1som.2023-t\u00f3l gy\u0151gypedikr\u00f6s vagyok</p>", "is_palota_nails_artist": false, "is_only_student": false, "address": "R\u00e1k\u00f3czi \u00fat 107", "has_profile_image": false, "started_year": 0, "qualifications": "", "awards": "", "is_instructor": false, "instagram_handle": "", "facebook_url": "", "tiktok_handle": "", "website_url": "", "services_offered": "", "languages": "Magyar", "wheelchair_accessible": false, "average_rating": 0.0, "rating_count": 0, "latitude": 0.0, "longitude": 0.0, "price_list": [], "price_list_image": false, "price_list_json": false, "ratings": [], "promotions": []}}