{"main_object": {"id": 1203, "name": "Csap\u00f3n\u00e9 Kunkli Krisztina", "url": "/kormos/csapone-kunkli-krisztina-1203", "image": "/web/image/nail.artist/1203/image/300x300", "other_images": [], "city": "Debrecen", "megye": "Hajd\u00fa-Bihar", "email": "kriszta85@hotmail.com", "phone": "+36302020628", "description": "<p>Sziasztok!\n\n\ud83d\ude4b\u200d\u2640\ufe0f\ud83d\udc85Kriszta vagyok, kezd\u0151 k\u00e9z\u00e1pol\u00f3 \u00e9s m\u0171k\u00f6r\u00f6m\u00e9p\u00edt\u0151.\nVend\u00e9gk\u00f6r kialak\u00edt\u00e1s\u00e1n dolgozom!\nSzeretn\u00e9k gyakorolni \u00e9s fejl\u0151dni!\nVadonat\u00faj g\u00e9pekkel \u00e9s min\u0151s\u00e9gi alapanyagokkal v\u00e1rlak!\n\n\u25b6\ufe0fA vide\u00f3 alapj\u00e1n l\u00e1thatj\u00e1tok, hogy ink\u00e1bb letisztult, kev\u00e9sb\u00e9 d\u00edsz\u00edtett k\u00f6rm\u00f6ket k\u00e9sz\u00edtettem eddig. Ha a bonyolultabb \u00e9s rajzolt mint\u00e1k \u00e1llnak k\u00f6zelebb a sz\u00edvedhez, akkor val\u00f3sz\u00edn\u0171leg nem \u00e9n leszek a sz\u00e1modra megfelel\u0151 k\u00f6rm\u00f6s. Egyel\u0151re rajzol\u00e1st nem v\u00e1llalok, de rengeteg k\u00f6r\u00f6mnyomda-mint\u00e1val \u00e9s matric\u00e1val v\u00e1rlak Titeket! \ud83e\udd70\n\nSz\u00edvesen k\u00e9sz\u00edtek Neked:\n\u2705manik\u0171rt\n\u2705paraffinos k\u00e9z\u00e1pol\u00e1st\n\u2705g\u00e9llakoz\u00e1st\n\u2705er\u0151s\u00edtett g\u00e9llakoz\u00e1st\n\u2705S/M/L m\u00e9ret\u0171 m\u0171k\u00f6r\u00f6m-\u00e9p\u00edt\u00e9st / t\u00f6lt\u00e9st\n\n\u231b\ufe0fFontos megeml\u00edtenem, hogy lassabban dolgozom: kezd\u0151k\u00e9nt vend\u00e9geim \u00e1ltal\u00e1ban 2-2.5 \u00f3r\u00e1t t\u00f6ltenek n\u00e1lam, de el\u0151fordul, hogy egy-egy munka ak\u00e1r 3 \u00f3r\u00e1t is ig\u00e9nybe vesz. Ez az\u00e9rt is van, mert sz\u00e1momra a precizit\u00e1s els\u0151dleges: mindig arra t\u00f6rekszem, hogy a lehet\u0151 legjobb, legtart\u00f3sabb munk\u00e1t adjam ki a kezeim k\u00f6z\u00fcl \u00e9s el\u00e9gedetten t\u00e1vozz t\u0151lem! Ehhez viszont id\u0151 kell, k\u00fcl\u00f6n\u00f6sen a megfelel\u0151 manik\u0171r, el\u0151k\u00e9sz\u00edt\u00e9si \u00e9s form\u00e1z\u00e1si folyamatok elv\u00e9gz\u00e9s\u00e9hez. K\u00e9rlek, ennek tudat\u00e1ban jelentkezz!\n\n\ud83c\udf1eA szalonomban rendelkez\u00e9setekre \u00e1ll m\u00e9g egy pr\u00e9mium csokics\u00f6ves, vibr\u00e1ci\u00f3s-alakform\u00e1l\u00f3 \u00e1ll\u00f3szol\u00e1rium, amelynek m\u0171k\u00f6d\u00e9si elve a Flab\u00e9los g\u00e9pekhez hasonl\u00f3! Ehhez tal\u00e1ltok n\u00e1lam k\u00fcl\u00f6nb\u00f6z\u0151 szolikr\u00e9meket is, szuper \u00e1ron! \n\ud83c\udf81S\u0151t, a rendk\u00edv\u00fcl kedvez\u0151 b\u00e9rlet mell\u00e9 j\u00e1r egy AJ\u00c1ND\u00c9K szolikr\u00e9m is!\n\n\ud83c\udf39Emellett Yodeyma parf\u00fcm\u00f6k is rendelhet\u0151k! Teszterek seg\u00edts\u00e9g\u00e9vel kiv\u00e1laszthatod a Neked vagy szerettednek megfelel\u0151 illatot!\n\ud83e\udd29A fenti szolg\u00e1ltat\u00e1sok vend\u00e9gbar\u00e1t \u00e1rait a mell\u00e9kelt \u00e1rlist\u00e1n l\u00e1thatj\u00e1tok!\n\n\ud83d\udc49Bejelentkezni Messengeren, telefonon \u00e9s Viber-en is tudtok! Ak\u00e1r h\u00e9tv\u00e9gi id\u0151pont miatt is!\n\n\ud83d\udeb8H\u00e1zirendet jelenleg nem vezettem be, s\u0151t, ha t\u00fcrelmes a gyerk\u0151c\u00f6d, \u0151t is v\u00e1rom egy kis gyereksarokkal!\n\n\u2757\ufe0fA lemond\u00e1st \u00e9s esetleges k\u00e9s\u00e9st k\u00e9rlek jelezd id\u0151ben! Ellenben a meg nem jelen\u00e9st nem toler\u00e1lom!\n\nV\u00e1rok mindenkit sok-sok szeretettel! \ud83e\udd70\n\n\ud83d\udc85Kriszta Nails &amp; Solarium\n\ud83d\udcccDebrecen, K\u00fcls\u0151 Di\u00f3szegi \u00fat 127.\n\ud83c\udfe0Google t\u00e9rk\u00e9pen: Digi PC\n\u260e\ufe0f+36 30 2020 628 /Viber-en is!/\n\ud83c\udf10facebook.com/KrisztaNailsSolarium</p>", "is_palota_nails_artist": false, "is_only_student": false, "address": "K\u00fcls\u0151 Di\u00f3szegi \u00fat 127.", "has_profile_image": true, "started_year": 2025, "qualifications": "K\u00e9z\u00e1pol\u00f3 \u00e9s m\u0171k\u00f6r\u00f6m\u00e9p\u00edt\u0151", "awards": "", "is_instructor": false, "instagram_handle": "", "facebook_url": "https://www.facebook.com/KrisztaNailsSolarium", "tiktok_handle": "", "website_url": "", "services_offered": "\u2705manik\u0171r\n\u2705paraffinos k\u00e9z\u00e1pol\u00e1s\n\u2705g\u00e9llakoz\u00e1s\n\u2705er\u0151s\u00edtett g\u00e9llakoz\u00e1s\n\u2705S/M/L m\u00e9ret\u0171 m\u0171k\u00f6r\u00f6m-\u00e9p\u00edt\u00e9s / t\u00f6lt\u00e9s", "languages": "Magyar", "wheelchair_accessible": false, "average_rating": 0.0, "rating_count": 0, "latitude": 0.0, "longitude": 0.0, "price_list": [], "price_list_image": true, "price_list_json": false, "ratings": [], "promotions": []}, "product": false, "nail_artist": {"id": 1203, "name": "Csap\u00f3n\u00e9 Kunkli Krisztina", "url": "/kormos/csapone-kunkli-krisztina-1203", "image": "/web/image/nail.artist/1203/image/300x300", "other_images": [], "city": "Debrecen", "megye": "Hajd\u00fa-Bihar", "email": "kriszta85@hotmail.com", "phone": "+36302020628", "description": "<p>Sziasztok!\n\n\ud83d\ude4b\u200d\u2640\ufe0f\ud83d\udc85Kriszta vagyok, kezd\u0151 k\u00e9z\u00e1pol\u00f3 \u00e9s m\u0171k\u00f6r\u00f6m\u00e9p\u00edt\u0151.\nVend\u00e9gk\u00f6r kialak\u00edt\u00e1s\u00e1n dolgozom!\nSzeretn\u00e9k gyakorolni \u00e9s fejl\u0151dni!\nVadonat\u00faj g\u00e9pekkel \u00e9s min\u0151s\u00e9gi alapanyagokkal v\u00e1rlak!\n\n\u25b6\ufe0fA vide\u00f3 alapj\u00e1n l\u00e1thatj\u00e1tok, hogy ink\u00e1bb letisztult, kev\u00e9sb\u00e9 d\u00edsz\u00edtett k\u00f6rm\u00f6ket k\u00e9sz\u00edtettem eddig. Ha a bonyolultabb \u00e9s rajzolt mint\u00e1k \u00e1llnak k\u00f6zelebb a sz\u00edvedhez, akkor val\u00f3sz\u00edn\u0171leg nem \u00e9n leszek a sz\u00e1modra megfelel\u0151 k\u00f6rm\u00f6s. Egyel\u0151re rajzol\u00e1st nem v\u00e1llalok, de rengeteg k\u00f6r\u00f6mnyomda-mint\u00e1val \u00e9s matric\u00e1val v\u00e1rlak Titeket! \ud83e\udd70\n\nSz\u00edvesen k\u00e9sz\u00edtek Neked:\n\u2705manik\u0171rt\n\u2705paraffinos k\u00e9z\u00e1pol\u00e1st\n\u2705g\u00e9llakoz\u00e1st\n\u2705er\u0151s\u00edtett g\u00e9llakoz\u00e1st\n\u2705S/M/L m\u00e9ret\u0171 m\u0171k\u00f6r\u00f6m-\u00e9p\u00edt\u00e9st / t\u00f6lt\u00e9st\n\n\u231b\ufe0fFontos megeml\u00edtenem, hogy lassabban dolgozom: kezd\u0151k\u00e9nt vend\u00e9geim \u00e1ltal\u00e1ban 2-2.5 \u00f3r\u00e1t t\u00f6ltenek n\u00e1lam, de el\u0151fordul, hogy egy-egy munka ak\u00e1r 3 \u00f3r\u00e1t is ig\u00e9nybe vesz. Ez az\u00e9rt is van, mert sz\u00e1momra a precizit\u00e1s els\u0151dleges: mindig arra t\u00f6rekszem, hogy a lehet\u0151 legjobb, legtart\u00f3sabb munk\u00e1t adjam ki a kezeim k\u00f6z\u00fcl \u00e9s el\u00e9gedetten t\u00e1vozz t\u0151lem! Ehhez viszont id\u0151 kell, k\u00fcl\u00f6n\u00f6sen a megfelel\u0151 manik\u0171r, el\u0151k\u00e9sz\u00edt\u00e9si \u00e9s form\u00e1z\u00e1si folyamatok elv\u00e9gz\u00e9s\u00e9hez. K\u00e9rlek, ennek tudat\u00e1ban jelentkezz!\n\n\ud83c\udf1eA szalonomban rendelkez\u00e9setekre \u00e1ll m\u00e9g egy pr\u00e9mium csokics\u00f6ves, vibr\u00e1ci\u00f3s-alakform\u00e1l\u00f3 \u00e1ll\u00f3szol\u00e1rium, amelynek m\u0171k\u00f6d\u00e9si elve a Flab\u00e9los g\u00e9pekhez hasonl\u00f3! Ehhez tal\u00e1ltok n\u00e1lam k\u00fcl\u00f6nb\u00f6z\u0151 szolikr\u00e9meket is, szuper \u00e1ron! \n\ud83c\udf81S\u0151t, a rendk\u00edv\u00fcl kedvez\u0151 b\u00e9rlet mell\u00e9 j\u00e1r egy AJ\u00c1ND\u00c9K szolikr\u00e9m is!\n\n\ud83c\udf39Emellett Yodeyma parf\u00fcm\u00f6k is rendelhet\u0151k! Teszterek seg\u00edts\u00e9g\u00e9vel kiv\u00e1laszthatod a Neked vagy szerettednek megfelel\u0151 illatot!\n\ud83e\udd29A fenti szolg\u00e1ltat\u00e1sok vend\u00e9gbar\u00e1t \u00e1rait a mell\u00e9kelt \u00e1rlist\u00e1n l\u00e1thatj\u00e1tok!\n\n\ud83d\udc49Bejelentkezni Messengeren, telefonon \u00e9s Viber-en is tudtok! Ak\u00e1r h\u00e9tv\u00e9gi id\u0151pont miatt is!\n\n\ud83d\udeb8H\u00e1zirendet jelenleg nem vezettem be, s\u0151t, ha t\u00fcrelmes a gyerk\u0151c\u00f6d, \u0151t is v\u00e1rom egy kis gyereksarokkal!\n\n\u2757\ufe0fA lemond\u00e1st \u00e9s esetleges k\u00e9s\u00e9st k\u00e9rlek jelezd id\u0151ben! Ellenben a meg nem jelen\u00e9st nem toler\u00e1lom!\n\nV\u00e1rok mindenkit sok-sok szeretettel! \ud83e\udd70\n\n\ud83d\udc85Kriszta Nails &amp; Solarium\n\ud83d\udcccDebrecen, K\u00fcls\u0151 Di\u00f3szegi \u00fat 127.\n\ud83c\udfe0Google t\u00e9rk\u00e9pen: Digi PC\n\u260e\ufe0f+36 30 2020 628 /Viber-en is!/\n\ud83c\udf10facebook.com/KrisztaNailsSolarium</p>", "is_palota_nails_artist": false, "is_only_student": false, "address": "K\u00fcls\u0151 Di\u00f3szegi \u00fat 127.", "has_profile_image": true, "started_year": 2025, "qualifications": "K\u00e9z\u00e1pol\u00f3 \u00e9s m\u0171k\u00f6r\u00f6m\u00e9p\u00edt\u0151", "awards": "", "is_instructor": false, "instagram_handle": "", "facebook_url": "https://www.facebook.com/KrisztaNailsSolarium", "tiktok_handle": "", "website_url": "", "services_offered": "\u2705manik\u0171r\n\u2705paraffinos k\u00e9z\u00e1pol\u00e1s\n\u2705g\u00e9llakoz\u00e1s\n\u2705er\u0151s\u00edtett g\u00e9llakoz\u00e1s\n\u2705S/M/L m\u00e9ret\u0171 m\u0171k\u00f6r\u00f6m-\u00e9p\u00edt\u00e9s / t\u00f6lt\u00e9s", "languages": "Magyar", "wheelchair_accessible": false, "average_rating": 0.0, "rating_count": 0, "latitude": 0.0, "longitude": 0.0, "price_list": [], "price_list_image": true, "price_list_json": false, "ratings": [], "promotions": []}}