{"main_object": {"id": 1170, "name": "Bogn\u00e1rn\u00e9 Dr. Legeza D\u00f3ra Gerda", "url": "/kormos/bognarne-dr-legeza-dora-gerda-1170", "image": "/web/image/nail.artist/1170/image/300x300", "other_images": ["/web/image?model=nail.artist.images&field=image&id=3841", "/web/image?model=nail.artist.images&field=image&id=3840", "/web/image?model=nail.artist.images&field=image&id=3839", "/web/image?model=nail.artist.images&field=image&id=3555", "/web/image?model=nail.artist.images&field=image&id=3394", "/web/image?model=nail.artist.images&field=image&id=3393", "/web/image?model=nail.artist.images&field=image&id=3392", "/web/image?model=nail.artist.images&field=image&id=2784", "/web/image?model=nail.artist.images&field=image&id=2783", "/web/image?model=nail.artist.images&field=image&id=2782", "/web/image?model=nail.artist.images&field=image&id=2781", "/web/image?model=nail.artist.images&field=image&id=2780", "/web/image?model=nail.artist.images&field=image&id=2779", "/web/image?model=nail.artist.images&field=image&id=2778", "/web/image?model=nail.artist.images&field=image&id=2777", "/web/image?model=nail.artist.images&field=image&id=2776", "/web/image?model=nail.artist.images&field=image&id=2775", "/web/image?model=nail.artist.images&field=image&id=2774", "/web/image?model=nail.artist.images&field=image&id=2773", "/web/image?model=nail.artist.images&field=image&id=2772", "/web/image?model=nail.artist.images&field=image&id=2771", "/web/image?model=nail.artist.images&field=image&id=2770", "/web/image?model=nail.artist.images&field=image&id=2769", "/web/image?model=nail.artist.images&field=image&id=2768", "/web/image?model=nail.artist.images&field=image&id=2767", "/web/image?model=nail.artist.images&field=image&id=2766", "/web/image?model=nail.artist.images&field=image&id=2765"], "city": "Szolnok", "megye": "J\u00e1sz-Nagykun-Szolnok", "email": "princess861010@gmail.com", "phone": "+36703687715", "description": "<p>K\u00e9z\u00e1pol\u00f3-\u00e9s M\u0171k\u00f6r\u00f6m\u00e9p\u00edt\u0151 szakm\u00e1mat 2017-ben szereztem meg.\nA vizsga ut\u00e1n azonnal szalonba ker\u00fcltem, ahol gyakorlati tud\u00e1somat b\u0151v\u00edthettem.\n2018-ban jogi diplom\u00e1t szereztem, de \u00fagy \u00e9reztem a sz\u00e9ps\u00e9gipar k\u00f6zelebb \u00e1ll hozz\u00e1m, \u00edgy 2018-ban megnyitottam a saj\u00e1t szalonomat a Sz\u00e9chenyi Krt. 123-ban a Coop bolt oldal\u00e1ban.\nSzorgalmamnak \u00e9s a szakma ir\u00e1nti al\u00e1zatomnak k\u00f6sz\u00f6nhet\u0151en r\u00f6vid id\u0151n bel\u00fcl m\u00e1r teljes vend\u00e9gk\u00f6rrel rendelkeztem.\n2022-ben megsz\u00fcletett a m\u00e1sodik gyermekem, \u00edgy most p\u00e1r \u00e9v kihagy\u00e1s ut\u00e1n lend\u00fcl\u00f6k \u00fajra munk\u00e1ba.\n\u00daj szalonom Szolnokon a Sz\u00e9chenyi Krt. 127. alatt tal\u00e1lhat\u00f3, ahol a K\u00e9z\u00e1pol\u00e1s-\u00e9s M\u0171k\u00f6r\u00f6m\u00e9p\u00edt\u00e9s mellett, di\u00f3da l\u00e9zeres tart\u00f3s sz\u0151rtelen\u00edt\u0151 szolg\u00e1ltat\u00e1ssal is v\u00e1rlak benneteket.\nVend\u00e9geimmel k\u00f6zvetlen, meg\u00e9rt\u0151 \u00e9s bar\u00e1ts\u00e1gos voltam. J\u00f3 viszonyt alak\u00edtottunk ki, ami t\u00f6bb volt mint egy szolg\u00e1ltat\u00f3-vend\u00e9g viszony. \ud83d\ude0a\nMinden elk\u00e9pzel\u00e9s\u00fcket igyekeztem megval\u00f3s\u00edtani, k\u00f6sz\u00f6nhet\u0151 ez annak hogy t\u00f6bb d\u00edsz\u00edt\u0151 tanfolyamon is r\u00e9szt vettem \u00e9s persze sokat gyakoroltam a k\u00fcl\u00f6nb\u00f6z\u0151 technik\u00e1kat.\nD\u00edsz\u00edtettem m\u00e1r BMW m\u00e1rkajelz\u00e9s\u0171; Spartan logoj\u00fa, Mickie &amp; Minnie egeres k\u00f6rm\u00f6ket is.\nKedvenceim k\u00f6z\u00e9 tartozik a gyurmazsel\u00e9b\u0151l k\u00e9sz\u00fclt vir\u00e1gok, amelyekkel nagyon \u00edzl\u00e9ses \u00e9s sz\u00e9p d\u00edsz\u00edt\u00e9sek k\u00e9sz\u00edthet\u0151ek.\n</p>", "is_palota_nails_artist": false, "is_only_student": false, "address": "Sz\u00e9chenyi Krt. 127.", "has_profile_image": true, "started_year": 2017, "qualifications": "Egymozdulat d\u00edsz\u00edt\u00e9sek\nGyurmazsel\u00e9 vir\u00e1gok\nKar\u00e1csonyi d\u00edsz\u00edt\u00e9sek\nM\u0171k\u00f6r\u00f6m\u00e9p\u00edt\u00e9s porcel\u00e1n anyaggal tov\u00e1bbk\u00e9pz\u00e9s", "awards": "", "is_instructor": false, "instagram_handle": "", "facebook_url": "https://www.facebook.com/Sensationnails1/", "tiktok_handle": "", "website_url": "", "services_offered": "Manik\u0171r\nG\u00e9l lakkoz\u00e1s\nM\u0171k\u00f6r\u00f6m\u00e9p\u00edt\u00e9s porcel\u00e1n anyaggal\nDi\u00f3da L\u00e9zeres Tart\u00f3s Sz\u0151rtelen\u00edt\u00e9s", "languages": "Magyar", "wheelchair_accessible": true, "average_rating": 0.0, "rating_count": 0, "latitude": 0.0, "longitude": 0.0, "price_list": [], "price_list_image": true, "price_list_json": false, "ratings": [], "promotions": []}, "product": false, "nail_artist": {"id": 1170, "name": "Bogn\u00e1rn\u00e9 Dr. Legeza D\u00f3ra Gerda", "url": "/kormos/bognarne-dr-legeza-dora-gerda-1170", "image": "/web/image/nail.artist/1170/image/300x300", "other_images": ["/web/image?model=nail.artist.images&field=image&id=3841", "/web/image?model=nail.artist.images&field=image&id=3840", "/web/image?model=nail.artist.images&field=image&id=3839", "/web/image?model=nail.artist.images&field=image&id=3555", "/web/image?model=nail.artist.images&field=image&id=3394", "/web/image?model=nail.artist.images&field=image&id=3393", "/web/image?model=nail.artist.images&field=image&id=3392", "/web/image?model=nail.artist.images&field=image&id=2784", "/web/image?model=nail.artist.images&field=image&id=2783", "/web/image?model=nail.artist.images&field=image&id=2782", "/web/image?model=nail.artist.images&field=image&id=2781", "/web/image?model=nail.artist.images&field=image&id=2780", "/web/image?model=nail.artist.images&field=image&id=2779", "/web/image?model=nail.artist.images&field=image&id=2778", "/web/image?model=nail.artist.images&field=image&id=2777", "/web/image?model=nail.artist.images&field=image&id=2776", "/web/image?model=nail.artist.images&field=image&id=2775", "/web/image?model=nail.artist.images&field=image&id=2774", "/web/image?model=nail.artist.images&field=image&id=2773", "/web/image?model=nail.artist.images&field=image&id=2772", "/web/image?model=nail.artist.images&field=image&id=2771", "/web/image?model=nail.artist.images&field=image&id=2770", "/web/image?model=nail.artist.images&field=image&id=2769", "/web/image?model=nail.artist.images&field=image&id=2768", "/web/image?model=nail.artist.images&field=image&id=2767", "/web/image?model=nail.artist.images&field=image&id=2766", "/web/image?model=nail.artist.images&field=image&id=2765"], "city": "Szolnok", "megye": "J\u00e1sz-Nagykun-Szolnok", "email": "princess861010@gmail.com", "phone": "+36703687715", "description": "<p>K\u00e9z\u00e1pol\u00f3-\u00e9s M\u0171k\u00f6r\u00f6m\u00e9p\u00edt\u0151 szakm\u00e1mat 2017-ben szereztem meg.\nA vizsga ut\u00e1n azonnal szalonba ker\u00fcltem, ahol gyakorlati tud\u00e1somat b\u0151v\u00edthettem.\n2018-ban jogi diplom\u00e1t szereztem, de \u00fagy \u00e9reztem a sz\u00e9ps\u00e9gipar k\u00f6zelebb \u00e1ll hozz\u00e1m, \u00edgy 2018-ban megnyitottam a saj\u00e1t szalonomat a Sz\u00e9chenyi Krt. 123-ban a Coop bolt oldal\u00e1ban.\nSzorgalmamnak \u00e9s a szakma ir\u00e1nti al\u00e1zatomnak k\u00f6sz\u00f6nhet\u0151en r\u00f6vid id\u0151n bel\u00fcl m\u00e1r teljes vend\u00e9gk\u00f6rrel rendelkeztem.\n2022-ben megsz\u00fcletett a m\u00e1sodik gyermekem, \u00edgy most p\u00e1r \u00e9v kihagy\u00e1s ut\u00e1n lend\u00fcl\u00f6k \u00fajra munk\u00e1ba.\n\u00daj szalonom Szolnokon a Sz\u00e9chenyi Krt. 127. alatt tal\u00e1lhat\u00f3, ahol a K\u00e9z\u00e1pol\u00e1s-\u00e9s M\u0171k\u00f6r\u00f6m\u00e9p\u00edt\u00e9s mellett, di\u00f3da l\u00e9zeres tart\u00f3s sz\u0151rtelen\u00edt\u0151 szolg\u00e1ltat\u00e1ssal is v\u00e1rlak benneteket.\nVend\u00e9geimmel k\u00f6zvetlen, meg\u00e9rt\u0151 \u00e9s bar\u00e1ts\u00e1gos voltam. J\u00f3 viszonyt alak\u00edtottunk ki, ami t\u00f6bb volt mint egy szolg\u00e1ltat\u00f3-vend\u00e9g viszony. \ud83d\ude0a\nMinden elk\u00e9pzel\u00e9s\u00fcket igyekeztem megval\u00f3s\u00edtani, k\u00f6sz\u00f6nhet\u0151 ez annak hogy t\u00f6bb d\u00edsz\u00edt\u0151 tanfolyamon is r\u00e9szt vettem \u00e9s persze sokat gyakoroltam a k\u00fcl\u00f6nb\u00f6z\u0151 technik\u00e1kat.\nD\u00edsz\u00edtettem m\u00e1r BMW m\u00e1rkajelz\u00e9s\u0171; Spartan logoj\u00fa, Mickie &amp; Minnie egeres k\u00f6rm\u00f6ket is.\nKedvenceim k\u00f6z\u00e9 tartozik a gyurmazsel\u00e9b\u0151l k\u00e9sz\u00fclt vir\u00e1gok, amelyekkel nagyon \u00edzl\u00e9ses \u00e9s sz\u00e9p d\u00edsz\u00edt\u00e9sek k\u00e9sz\u00edthet\u0151ek.\n</p>", "is_palota_nails_artist": false, "is_only_student": false, "address": "Sz\u00e9chenyi Krt. 127.", "has_profile_image": true, "started_year": 2017, "qualifications": "Egymozdulat d\u00edsz\u00edt\u00e9sek\nGyurmazsel\u00e9 vir\u00e1gok\nKar\u00e1csonyi d\u00edsz\u00edt\u00e9sek\nM\u0171k\u00f6r\u00f6m\u00e9p\u00edt\u00e9s porcel\u00e1n anyaggal tov\u00e1bbk\u00e9pz\u00e9s", "awards": "", "is_instructor": false, "instagram_handle": "", "facebook_url": "https://www.facebook.com/Sensationnails1/", "tiktok_handle": "", "website_url": "", "services_offered": "Manik\u0171r\nG\u00e9l lakkoz\u00e1s\nM\u0171k\u00f6r\u00f6m\u00e9p\u00edt\u00e9s porcel\u00e1n anyaggal\nDi\u00f3da L\u00e9zeres Tart\u00f3s Sz\u0151rtelen\u00edt\u00e9s", "languages": "Magyar", "wheelchair_accessible": true, "average_rating": 0.0, "rating_count": 0, "latitude": 0.0, "longitude": 0.0, "price_list": [], "price_list_image": true, "price_list_json": false, "ratings": [], "promotions": []}}