{"main_object": {"id": 85, "name": "Berkelakkja K\u00f6r\u00f6mkozmetika ", "url": "/kormos/berkelakkja-koromkozmetika-85", "image": "/web/image/nail.artist/85/image/300x300", "other_images": ["/web/image?model=nail.artist.images&field=image&id=365", "/web/image?model=nail.artist.images&field=image&id=364", "/web/image?model=nail.artist.images&field=image&id=363", "/web/image?model=nail.artist.images&field=image&id=362", "/web/image?model=nail.artist.images&field=image&id=361", "/web/image?model=nail.artist.images&field=image&id=360", "/web/image?model=nail.artist.images&field=image&id=359", "/web/image?model=nail.artist.images&field=image&id=358", "/web/image?model=nail.artist.images&field=image&id=357", "/web/image?model=nail.artist.images&field=image&id=356", "/web/image?model=nail.artist.images&field=image&id=355", "/web/image?model=nail.artist.images&field=image&id=354", "/web/image?model=nail.artist.images&field=image&id=353", "/web/image?model=nail.artist.images&field=image&id=352", "/web/image?model=nail.artist.images&field=image&id=351", "/web/image?model=nail.artist.images&field=image&id=350", "/web/image?model=nail.artist.images&field=image&id=349", "/web/image?model=nail.artist.images&field=image&id=348", "/web/image?model=nail.artist.images&field=image&id=347", "/web/image?model=nail.artist.images&field=image&id=346", "/web/image?model=nail.artist.images&field=image&id=345", "/web/image?model=nail.artist.images&field=image&id=344", "/web/image?model=nail.artist.images&field=image&id=343", "/web/image?model=nail.artist.images&field=image&id=340", "/web/image?model=nail.artist.images&field=image&id=339", "/web/image?model=nail.artist.images&field=image&id=338", "/web/image?model=nail.artist.images&field=image&id=337", "/web/image?model=nail.artist.images&field=image&id=336", "/web/image?model=nail.artist.images&field=image&id=335", "/web/image?model=nail.artist.images&field=image&id=334", "/web/image?model=nail.artist.images&field=image&id=333", "/web/image?model=nail.artist.images&field=image&id=332"], "city": "Debrecen", "megye": "Hajd\u00fa-Bihar", "email": false, "phone": "Berkelakkja K\u00f6r\u00f6mkozmetika Debrecen ", "description": "<p>Sziasztok!</p><p>Simon P\u00e9tern\u00e9 Berta vagyok. \u00a0R\u00e9gi \u00e1lmom v\u00e1lt val\u00f3ra, amikor 2019-ben v\u00e9gre megnyithattam a szalonomat! Szerencs\u00e9s vagyok, mert im\u00e1dom a munk\u00e1m \u00e9s minden nap \u00f6r\u00f6mmel indulok dolgozni. Fontos sz\u00e1momra a folyamatos fejl\u0151d\u00e9s, rendszeresen j\u00e1rok tanfolyamokra. K\u00f6vetem a leg\u00fajabb trendek szerinti \u00fajdons\u00e1gokat, igyekszem d\u00edsz\u00edt\u00e9sek ter\u00e9n is naprak\u00e9sz lenni. Kedvenceim a k\u00e9nyelmes, r\u00f6videbb k\u00f6rm\u00f6k \u00e9s az egyedi, k\u00e9zzel festett mint\u00e1k!</p><p>Szeretettel v\u00e1rom kedves vend\u00e9geimet Debrecenben! Bejelentkezni a Berkelakkja K\u00f6r\u00f6mkozmetika Debrecen Facebook oldalamon tudtok a foglal\u00e1s gomb seg\u00edts\u00e9g\u00e9vel!\u00a0</p>", "is_palota_nails_artist": false, "is_only_student": false, "address": "Jerik\u00f3 utca 24 ", "has_profile_image": true, "started_year": 0, "qualifications": "", "awards": "", "is_instructor": false, "instagram_handle": "", "facebook_url": "", "tiktok_handle": "", "website_url": "", "services_offered": "", "languages": "Magyar", "wheelchair_accessible": false, "average_rating": 0.0, "rating_count": 0, "latitude": 0.0, "longitude": 0.0, "price_list": [], "price_list_image": false, "price_list_json": false, "ratings": [], "promotions": []}, "product": false, "nail_artist": {"id": 85, "name": "Berkelakkja K\u00f6r\u00f6mkozmetika ", "url": "/kormos/berkelakkja-koromkozmetika-85", "image": "/web/image/nail.artist/85/image/300x300", "other_images": ["/web/image?model=nail.artist.images&field=image&id=365", "/web/image?model=nail.artist.images&field=image&id=364", "/web/image?model=nail.artist.images&field=image&id=363", "/web/image?model=nail.artist.images&field=image&id=362", "/web/image?model=nail.artist.images&field=image&id=361", "/web/image?model=nail.artist.images&field=image&id=360", "/web/image?model=nail.artist.images&field=image&id=359", "/web/image?model=nail.artist.images&field=image&id=358", "/web/image?model=nail.artist.images&field=image&id=357", "/web/image?model=nail.artist.images&field=image&id=356", "/web/image?model=nail.artist.images&field=image&id=355", "/web/image?model=nail.artist.images&field=image&id=354", "/web/image?model=nail.artist.images&field=image&id=353", "/web/image?model=nail.artist.images&field=image&id=352", "/web/image?model=nail.artist.images&field=image&id=351", "/web/image?model=nail.artist.images&field=image&id=350", "/web/image?model=nail.artist.images&field=image&id=349", "/web/image?model=nail.artist.images&field=image&id=348", "/web/image?model=nail.artist.images&field=image&id=347", "/web/image?model=nail.artist.images&field=image&id=346", "/web/image?model=nail.artist.images&field=image&id=345", "/web/image?model=nail.artist.images&field=image&id=344", "/web/image?model=nail.artist.images&field=image&id=343", "/web/image?model=nail.artist.images&field=image&id=340", "/web/image?model=nail.artist.images&field=image&id=339", "/web/image?model=nail.artist.images&field=image&id=338", "/web/image?model=nail.artist.images&field=image&id=337", "/web/image?model=nail.artist.images&field=image&id=336", "/web/image?model=nail.artist.images&field=image&id=335", "/web/image?model=nail.artist.images&field=image&id=334", "/web/image?model=nail.artist.images&field=image&id=333", "/web/image?model=nail.artist.images&field=image&id=332"], "city": "Debrecen", "megye": "Hajd\u00fa-Bihar", "email": false, "phone": "Berkelakkja K\u00f6r\u00f6mkozmetika Debrecen ", "description": "<p>Sziasztok!</p><p>Simon P\u00e9tern\u00e9 Berta vagyok. \u00a0R\u00e9gi \u00e1lmom v\u00e1lt val\u00f3ra, amikor 2019-ben v\u00e9gre megnyithattam a szalonomat! Szerencs\u00e9s vagyok, mert im\u00e1dom a munk\u00e1m \u00e9s minden nap \u00f6r\u00f6mmel indulok dolgozni. Fontos sz\u00e1momra a folyamatos fejl\u0151d\u00e9s, rendszeresen j\u00e1rok tanfolyamokra. K\u00f6vetem a leg\u00fajabb trendek szerinti \u00fajdons\u00e1gokat, igyekszem d\u00edsz\u00edt\u00e9sek ter\u00e9n is naprak\u00e9sz lenni. Kedvenceim a k\u00e9nyelmes, r\u00f6videbb k\u00f6rm\u00f6k \u00e9s az egyedi, k\u00e9zzel festett mint\u00e1k!</p><p>Szeretettel v\u00e1rom kedves vend\u00e9geimet Debrecenben! Bejelentkezni a Berkelakkja K\u00f6r\u00f6mkozmetika Debrecen Facebook oldalamon tudtok a foglal\u00e1s gomb seg\u00edts\u00e9g\u00e9vel!\u00a0</p>", "is_palota_nails_artist": false, "is_only_student": false, "address": "Jerik\u00f3 utca 24 ", "has_profile_image": true, "started_year": 0, "qualifications": "", "awards": "", "is_instructor": false, "instagram_handle": "", "facebook_url": "", "tiktok_handle": "", "website_url": "", "services_offered": "", "languages": "Magyar", "wheelchair_accessible": false, "average_rating": 0.0, "rating_count": 0, "latitude": 0.0, "longitude": 0.0, "price_list": [], "price_list_image": false, "price_list_json": false, "ratings": [], "promotions": []}}