{"main_object": {"id": 94, "name": "Barta Hajnalka", "url": "/kormos/barta-hajnalka-94", "image": "/web/image/nail.artist/94/image/300x300", "other_images": ["/web/image?model=nail.artist.images&field=image&id=1083", "/web/image?model=nail.artist.images&field=image&id=1082", "/web/image?model=nail.artist.images&field=image&id=1081", "/web/image?model=nail.artist.images&field=image&id=1080", "/web/image?model=nail.artist.images&field=image&id=1079", "/web/image?model=nail.artist.images&field=image&id=1078", "/web/image?model=nail.artist.images&field=image&id=1077", "/web/image?model=nail.artist.images&field=image&id=1076", "/web/image?model=nail.artist.images&field=image&id=1075", "/web/image?model=nail.artist.images&field=image&id=1074"], "city": "Szeged", "megye": "Csongr\u00e1d", "email": false, "phone": "06309607488", "description": "<p>Sziasztok!<br>Barta Hajnalka vagyok 2020. febru\u00e1rj\u00e1ban kiv\u00e1l\u00f3 eredm\u00e9nnyel v\u00e9geztem el az OKJ-s k\u00e9z\u00e1pol\u00f3 \u00e9s m\u0171k\u00f6r\u00f6m\u00e9p\u00edt\u0151 tanfolyamot a Hedge Hair Kft j\u00f3volt\u00e1b\u00f3l.\u00a0<br>Az\u00f3ta\u00a0folyamatosan fejlesztem\u00a0magam,\u00a0tov\u00e1bbk\u00e9pz\u00e9sekre j\u00e1rok, hogy min\u00e9l magasabb min\u0151s\u00e9g\u0171 munk\u00e1val szerezhessek \u00f6r\u00f6m\u00f6t a Vend\u00e9geimnek!<br>Az\u00e9rt v\u00e1lasztottam ezt a szakm\u00e1t, mert itt kifejezhetem a\u00a0kreativit\u00e1som\u00a0\u00e9s\u00a0alkot\u00e1si v\u00e1gyam, ezenfel\u00fcl \u00f6r\u00f6m\u00f6t szerezhetek\u00a0a Vend\u00e9geimnek. Mindig arra t\u00f6rekszem, hogy kiz\u00e1r\u00f3lag min\u0151s\u00e9gi munk\u00e1t adjak ki a kezeim k\u00f6z\u00fcl \u00e9s, hogy a Vend\u00e9geim is el\u00e9gedetten t\u00e1vozzanak, majd megtisztelve bizalmukkal, vissza is t\u00e9rjenek.<br>Alapanyagokban a legjobb min\u0151s\u00e9g\u0171 term\u00e9keket haszn\u00e1lom, zsel\u00e9s, acrylgel technik\u00e1val dolgozom.\u00a0El\u0151zetes id\u0151pont egyeztet\u00e9s ut\u00e1n csal\u00e1dias k\u00f6rnyezetben, szeretettel v\u00e1rom.</p>", "is_palota_nails_artist": false, "is_only_student": false, "address": "Gy\u00f6ngyty\u00fak utca 34", "has_profile_image": true, "started_year": 0, "qualifications": "", "awards": "", "is_instructor": false, "instagram_handle": "", "facebook_url": "", "tiktok_handle": "", "website_url": "", "services_offered": "", "languages": "Magyar", "wheelchair_accessible": false, "average_rating": 0.0, "rating_count": 0, "latitude": 0.0, "longitude": 0.0, "price_list": [], "price_list_image": false, "price_list_json": false, "ratings": [], "promotions": []}, "product": false, "nail_artist": {"id": 94, "name": "Barta Hajnalka", "url": "/kormos/barta-hajnalka-94", "image": "/web/image/nail.artist/94/image/300x300", "other_images": ["/web/image?model=nail.artist.images&field=image&id=1083", "/web/image?model=nail.artist.images&field=image&id=1082", "/web/image?model=nail.artist.images&field=image&id=1081", "/web/image?model=nail.artist.images&field=image&id=1080", "/web/image?model=nail.artist.images&field=image&id=1079", "/web/image?model=nail.artist.images&field=image&id=1078", "/web/image?model=nail.artist.images&field=image&id=1077", "/web/image?model=nail.artist.images&field=image&id=1076", "/web/image?model=nail.artist.images&field=image&id=1075", "/web/image?model=nail.artist.images&field=image&id=1074"], "city": "Szeged", "megye": "Csongr\u00e1d", "email": false, "phone": "06309607488", "description": "<p>Sziasztok!<br>Barta Hajnalka vagyok 2020. febru\u00e1rj\u00e1ban kiv\u00e1l\u00f3 eredm\u00e9nnyel v\u00e9geztem el az OKJ-s k\u00e9z\u00e1pol\u00f3 \u00e9s m\u0171k\u00f6r\u00f6m\u00e9p\u00edt\u0151 tanfolyamot a Hedge Hair Kft j\u00f3volt\u00e1b\u00f3l.\u00a0<br>Az\u00f3ta\u00a0folyamatosan fejlesztem\u00a0magam,\u00a0tov\u00e1bbk\u00e9pz\u00e9sekre j\u00e1rok, hogy min\u00e9l magasabb min\u0151s\u00e9g\u0171 munk\u00e1val szerezhessek \u00f6r\u00f6m\u00f6t a Vend\u00e9geimnek!<br>Az\u00e9rt v\u00e1lasztottam ezt a szakm\u00e1t, mert itt kifejezhetem a\u00a0kreativit\u00e1som\u00a0\u00e9s\u00a0alkot\u00e1si v\u00e1gyam, ezenfel\u00fcl \u00f6r\u00f6m\u00f6t szerezhetek\u00a0a Vend\u00e9geimnek. Mindig arra t\u00f6rekszem, hogy kiz\u00e1r\u00f3lag min\u0151s\u00e9gi munk\u00e1t adjak ki a kezeim k\u00f6z\u00fcl \u00e9s, hogy a Vend\u00e9geim is el\u00e9gedetten t\u00e1vozzanak, majd megtisztelve bizalmukkal, vissza is t\u00e9rjenek.<br>Alapanyagokban a legjobb min\u0151s\u00e9g\u0171 term\u00e9keket haszn\u00e1lom, zsel\u00e9s, acrylgel technik\u00e1val dolgozom.\u00a0El\u0151zetes id\u0151pont egyeztet\u00e9s ut\u00e1n csal\u00e1dias k\u00f6rnyezetben, szeretettel v\u00e1rom.</p>", "is_palota_nails_artist": false, "is_only_student": false, "address": "Gy\u00f6ngyty\u00fak utca 34", "has_profile_image": true, "started_year": 0, "qualifications": "", "awards": "", "is_instructor": false, "instagram_handle": "", "facebook_url": "", "tiktok_handle": "", "website_url": "", "services_offered": "", "languages": "Magyar", "wheelchair_accessible": false, "average_rating": 0.0, "rating_count": 0, "latitude": 0.0, "longitude": 0.0, "price_list": [], "price_list_image": false, "price_list_json": false, "ratings": [], "promotions": []}}