{"main_object": {"id": 688, "name": "Amab\u00e9 nails", "url": "/kormos/amabe-nails-688", "image": "/web/image/nail.artist/688/image/300x300", "other_images": ["/web/image?model=nail.artist.images&field=image&id=1873", "/web/image?model=nail.artist.images&field=image&id=1872", "/web/image?model=nail.artist.images&field=image&id=1871", "/web/image?model=nail.artist.images&field=image&id=1870", "/web/image?model=nail.artist.images&field=image&id=1869", "/web/image?model=nail.artist.images&field=image&id=1868", "/web/image?model=nail.artist.images&field=image&id=1867"], "city": "Duna\u00fajv\u00e1ros", "megye": "Fej\u00e9r", "email": false, "phone": "06203720149", "description": "<p>Sziasztok!\n2020-ban v\u00e9geztem k\u00e9z\u00e1pol\u00f3-m\u0171k\u00f6r\u00f6m\u00e9p\u00edt\u0151k\u00e9nt.\n2023.m\u00e1rcius\u00e1ban pedig elkezdtem megval\u00f3s\u00edtani az egyik \u00e1lmom.\nVend\u00e9gk\u00f6r\u00f6m b\u0151v\u00edt\u00e9s\u00e9re, t\u00e9ged is sok szeretettel v\u00e1rlak egy sz\u00e9p manik\u0171rre vagy ak\u00e1r  er\u0151s\u00edtett g\u00e9llakra, S-M m\u00e9ret\u0171 m\u0171k\u00f6r\u00f6mre.</p>", "is_palota_nails_artist": false, "is_only_student": false, "address": "R\u00f3mai krt.", "has_profile_image": true, "started_year": 0, "qualifications": "", "awards": "", "is_instructor": false, "instagram_handle": "", "facebook_url": "", "tiktok_handle": "", "website_url": "", "services_offered": "", "languages": "Magyar", "wheelchair_accessible": false, "average_rating": 0.0, "rating_count": 0, "latitude": 0.0, "longitude": 0.0, "price_list": [], "price_list_image": false, "price_list_json": false, "ratings": [], "promotions": []}, "product": false, "nail_artist": {"id": 688, "name": "Amab\u00e9 nails", "url": "/kormos/amabe-nails-688", "image": "/web/image/nail.artist/688/image/300x300", "other_images": ["/web/image?model=nail.artist.images&field=image&id=1873", "/web/image?model=nail.artist.images&field=image&id=1872", "/web/image?model=nail.artist.images&field=image&id=1871", "/web/image?model=nail.artist.images&field=image&id=1870", "/web/image?model=nail.artist.images&field=image&id=1869", "/web/image?model=nail.artist.images&field=image&id=1868", "/web/image?model=nail.artist.images&field=image&id=1867"], "city": "Duna\u00fajv\u00e1ros", "megye": "Fej\u00e9r", "email": false, "phone": "06203720149", "description": "<p>Sziasztok!\n2020-ban v\u00e9geztem k\u00e9z\u00e1pol\u00f3-m\u0171k\u00f6r\u00f6m\u00e9p\u00edt\u0151k\u00e9nt.\n2023.m\u00e1rcius\u00e1ban pedig elkezdtem megval\u00f3s\u00edtani az egyik \u00e1lmom.\nVend\u00e9gk\u00f6r\u00f6m b\u0151v\u00edt\u00e9s\u00e9re, t\u00e9ged is sok szeretettel v\u00e1rlak egy sz\u00e9p manik\u0171rre vagy ak\u00e1r  er\u0151s\u00edtett g\u00e9llakra, S-M m\u00e9ret\u0171 m\u0171k\u00f6r\u00f6mre.</p>", "is_palota_nails_artist": false, "is_only_student": false, "address": "R\u00f3mai krt.", "has_profile_image": true, "started_year": 0, "qualifications": "", "awards": "", "is_instructor": false, "instagram_handle": "", "facebook_url": "", "tiktok_handle": "", "website_url": "", "services_offered": "", "languages": "Magyar", "wheelchair_accessible": false, "average_rating": 0.0, "rating_count": 0, "latitude": 0.0, "longitude": 0.0, "price_list": [], "price_list_image": false, "price_list_json": false, "ratings": [], "promotions": []}}